{"id":31719,"date":"2026-05-02T09:18:24","date_gmt":"2026-05-02T09:18:24","guid":{"rendered":"https:\/\/eskigazeteci.com\/?p=31719"},"modified":"2026-05-02T09:18:24","modified_gmt":"2026-05-02T09:18:24","slug":"iranda-israil-casuslari-idam-edildi","status":"publish","type":"post","link":"https:\/\/eskigazeteci.com\/?p=31719","title":{"rendered":"\u0130ran&#8217;da \u0130srail casuslar\u0131 idam edildi"},"content":{"rendered":"<p>\u0130ran\u2019da \u0130srail ile i\u015f birli\u011fi yapt\u0131klar\u0131 gerek\u00e7esiyle idam edildi. Yarg\u0131 Erki taraf\u0131ndan yap\u0131lan a\u00e7\u0131klamaya g\u00f6re Yakup Kerimpur ve Nas\u0131r Bekerzade adl\u0131 san\u0131klar hakk\u0131nda &quot;\u0130srail ad\u0131na casusluk&quot;, &quot;Mossad ile i\u015f birli\u011fi&quot; ve &quot;yery\u00fcz\u00fcnde bozgunculuk&quot; su\u00e7lar\u0131ndan verilen idam cezalar\u0131, Y\u00fcksek Mahkeme taraf\u0131ndan onanmas\u0131n\u0131n ard\u0131ndan bu sabah infaz edildi. MOSSAD \u0130LE TEMASA GE\u00c7T\u0130, ASKER\u0130 ALANLARI G\u00d6R\u00dcNT\u00dcLED\u0130<\/p>\n<p>Dosyada yer alan bilgilere g\u00f6re Kerimpur\u2019un sava\u015f g\u00fcnlerinde Mossad ile etkin i\u015f birli\u011fini s\u00fcrd\u00fcrd\u00fc\u011f\u00fc ve \u00fclkenin hassas bilgilerini Mossad g\u00f6revlisine aktard\u0131\u011f\u0131 ifade edildi. Kerimpur\u2019un sosyal medya ve mesajla\u015fma uygulamalar\u0131 \u00fczerinden kurdu\u011fu irtibat\u0131n zamanla geli\u015fti\u011fi, ilk a\u015famada saha eylemleriyle g\u00fcven sa\u011flad\u0131\u011f\u0131, ard\u0131ndan askeri ve g\u00fcvenlik b\u00f6lgelerine ili\u015fkin g\u00f6r\u00fcnt\u00fc ve bilgileri toplad\u0131\u011f\u0131 belirtildi. Ayr\u0131ca ses bombalar\u0131 haz\u0131rlayarak belirlenen noktalarda patlatt\u0131\u011f\u0131, bu eylemleri kay\u0131t alt\u0131na alarak Mossad&#x27;a iletti\u011fi kaydedildi.<\/p>\n<p>SABOTAJLARI Y\u00d6NETT\u0130<\/p>\n<p>Soru\u015fturma kapsam\u0131nda Kerimpur\u2019un sava\u015f\u0131n ilk g\u00fcnlerinde g\u00fcvenlik ve askeri birimleri yan\u0131ltmak amac\u0131yla karakollar\u0131 arayarak yan\u0131lt\u0131c\u0131 ihbarlarda bulundu\u011fu, bu yolla ekipleri asli g\u00f6revlerinden uzakla\u015ft\u0131rmaya \u00e7al\u0131\u015ft\u0131\u011f\u0131 ifade&#8230;<\/p>\n","protected":false},"excerpt":{"rendered":"<p>\u0130ran\u2019da \u0130srail ad\u0131na casusluk, Mossad ile i\u015f birli\u011fi ve yery\u00fcz\u00fcnde bozgunculuk su\u00e7lamalar\u0131 ile idam cezas\u0131na \u00e7arpt\u0131r\u0131lan 2 ki\u015finin cezalar\u0131 infaz edildi.<\/p>\n","protected":false},"author":2,"featured_media":31718,"comment_status":"open","ping_status":"open","sticky":false,"template":"","format":"standard","meta":{"footnotes":""},"categories":[6,5],"tags":[],"class_list":["post-31719","post","type-post","status-publish","format-standard","has-post-thumbnail","hentry","category-gundem","category-son-dakika"],"_links":{"self":[{"href":"https:\/\/eskigazeteci.com\/index.php?rest_route=\/wp\/v2\/posts\/31719","targetHints":{"allow":["GET"]}}],"collection":[{"href":"https:\/\/eskigazeteci.com\/index.php?rest_route=\/wp\/v2\/posts"}],"about":[{"href":"https:\/\/eskigazeteci.com\/index.php?rest_route=\/wp\/v2\/types\/post"}],"author":[{"embeddable":true,"href":"https:\/\/eskigazeteci.com\/index.php?rest_route=\/wp\/v2\/users\/2"}],"replies":[{"embeddable":true,"href":"https:\/\/eskigazeteci.com\/index.php?rest_route=%2Fwp%2Fv2%2Fcomments&post=31719"}],"version-history":[{"count":0,"href":"https:\/\/eskigazeteci.com\/index.php?rest_route=\/wp\/v2\/posts\/31719\/revisions"}],"wp:featuredmedia":[{"embeddable":true,"href":"https:\/\/eskigazeteci.com\/index.php?rest_route=\/wp\/v2\/media\/31718"}],"wp:attachment":[{"href":"https:\/\/eskigazeteci.com\/index.php?rest_route=%2Fwp%2Fv2%2Fmedia&parent=31719"}],"wp:term":[{"taxonomy":"category","embeddable":true,"href":"https:\/\/eskigazeteci.com\/index.php?rest_route=%2Fwp%2Fv2%2Fcategories&post=31719"},{"taxonomy":"post_tag","embeddable":true,"href":"https:\/\/eskigazeteci.com\/index.php?rest_route=%2Fwp%2Fv2%2Ftags&post=31719"}],"curies":[{"name":"wp","href":"https:\/\/api.w.org\/{rel}","templated":true}]}}