{"id":31717,"date":"2026-05-02T09:16:52","date_gmt":"2026-05-02T09:16:52","guid":{"rendered":"https:\/\/eskigazeteci.com\/?p=31717"},"modified":"2026-05-02T09:16:52","modified_gmt":"2026-05-02T09:16:52","slug":"ara-tatil-kalkacak-mi-yaz-tatili-uzayacak-mi-milli-egitim-bakani-yusuf-tekinden-ara-tatil-ve-yaz-tatili-aciklamasi","status":"publish","type":"post","link":"https:\/\/eskigazeteci.com\/?p=31717","title":{"rendered":"Ara tatil kalkacak m\u0131, yaz tatili uzayacak m\u0131? Milli E\u011fitim Bakan\u0131 Yusuf Tekin&#8217;den ara tatil ve yaz tatili a\u00e7\u0131klamas\u0131!"},"content":{"rendered":"<p>T\u00fcrkiye genelindeki milyonlarca ilkokul, ortaokul ve lise \u00f6\u011frencisini yak\u0131ndan ilgilendiren ara tatil ve yaz tatili d\u00fczenlemesiyle ilgili Milli E\u011fitim Bakan\u0131 Yusuf Tekin \u00f6nemli a\u00e7\u0131klamalarda bulundu. \u00d6zellikle son d\u00f6nemde okul g\u00fcvenli\u011fi ve e\u011fitim s\u00fcresinin verimlili\u011fi \u00fczerine yap\u0131lan \u00e7al\u0131\u015fmalar\u0131n ard\u0131ndan, 2019 y\u0131l\u0131ndan bu yana uygulanan ara tatil sisteminin revize edilmesi masaya yat\u0131r\u0131ld\u0131. Bakan Tekin\u2019in St. Petersburg d\u00f6n\u00fc\u015f\u00fcnde u\u00e7akta gazetecilere yapt\u0131\u011f\u0131 a\u00e7\u0131klamalar, mevcut 180 i\u015f g\u00fcn\u00fc kural\u0131n\u0131n korunaca\u011f\u0131n\u0131 ancak bu s\u00fcrenin takvim i\u00e7erisindeki da\u011f\u0131l\u0131m\u0131n\u0131n de\u011fi\u015febilece\u011fini ortaya koydu. Peki, Ara tatil kalkacak m\u0131, yaz tatili uzayacak m\u0131?<\/p>\n<p>T\u00fcrkiye genelindeki milyonlarca ilkokul, ortaokul ve lise \u00f6\u011frencisini yak\u0131ndan ilgilendiren ara tatil ve yaz tatili d\u00fczenlemesiyle ilgili Milli E\u011fitim Bakan\u0131 Yusuf Tekin \u00f6nemli a\u00e7\u0131klamalarda bulundu. \u00d6zellikle son d\u00f6nemde okul g\u00fcvenli\u011fi ve e\u011fitim s\u00fcresinin verimlili\u011fi \u00fczerine yap\u0131lan \u00e7al\u0131\u015fmalar\u0131n ard\u0131ndan, 2019 y\u0131l\u0131ndan bu yana uygulanan ara tatil sisteminin revize edilmesi masaya yat\u0131r\u0131ld\u0131. Bakan Tekin\u2019in St. Petersburg d\u00f6n\u00fc\u015f\u00fcnde u\u00e7akta gazetecilere yapt\u0131\u011f\u0131 a\u00e7\u0131klamalar, mevcut 180 i\u015f g\u00fcn\u00fc kural\u0131n\u0131n korunaca\u011f\u0131n\u0131 ancak bu s\u00fcrenin takvim&#8230;<\/p>\n","protected":false},"excerpt":{"rendered":"<p>Milyonlarca \u00f6\u011frenci, veli ve \u00f6\u011fretmenin g\u00f6z\u00fc kula\u011f\u0131 Milli E\u011fitim Bakanl\u0131\u011f\u0131\u2019ndan gelecek tatil haberlerine \u00e7evrilmi\u015fken, Bakan Yusuf Tekin\u2019den e\u011fitim&#8230;<\/p>\n","protected":false},"author":2,"featured_media":31716,"comment_status":"open","ping_status":"open","sticky":false,"template":"","format":"standard","meta":{"footnotes":""},"categories":[6,5],"tags":[],"class_list":["post-31717","post","type-post","status-publish","format-standard","has-post-thumbnail","hentry","category-gundem","category-son-dakika"],"_links":{"self":[{"href":"https:\/\/eskigazeteci.com\/index.php?rest_route=\/wp\/v2\/posts\/31717","targetHints":{"allow":["GET"]}}],"collection":[{"href":"https:\/\/eskigazeteci.com\/index.php?rest_route=\/wp\/v2\/posts"}],"about":[{"href":"https:\/\/eskigazeteci.com\/index.php?rest_route=\/wp\/v2\/types\/post"}],"author":[{"embeddable":true,"href":"https:\/\/eskigazeteci.com\/index.php?rest_route=\/wp\/v2\/users\/2"}],"replies":[{"embeddable":true,"href":"https:\/\/eskigazeteci.com\/index.php?rest_route=%2Fwp%2Fv2%2Fcomments&post=31717"}],"version-history":[{"count":0,"href":"https:\/\/eskigazeteci.com\/index.php?rest_route=\/wp\/v2\/posts\/31717\/revisions"}],"wp:featuredmedia":[{"embeddable":true,"href":"https:\/\/eskigazeteci.com\/index.php?rest_route=\/wp\/v2\/media\/31716"}],"wp:attachment":[{"href":"https:\/\/eskigazeteci.com\/index.php?rest_route=%2Fwp%2Fv2%2Fmedia&parent=31717"}],"wp:term":[{"taxonomy":"category","embeddable":true,"href":"https:\/\/eskigazeteci.com\/index.php?rest_route=%2Fwp%2Fv2%2Fcategories&post=31717"},{"taxonomy":"post_tag","embeddable":true,"href":"https:\/\/eskigazeteci.com\/index.php?rest_route=%2Fwp%2Fv2%2Ftags&post=31717"}],"curies":[{"name":"wp","href":"https:\/\/api.w.org\/{rel}","templated":true}]}}