{"id":31715,"date":"2026-05-02T09:09:56","date_gmt":"2026-05-02T09:09:56","guid":{"rendered":"https:\/\/eskigazeteci.com\/?p=31715"},"modified":"2026-05-02T09:09:56","modified_gmt":"2026-05-02T09:09:56","slug":"komsuda-dev-heyelan-karayolu-kullanilamaz-halde","status":"publish","type":"post","link":"https:\/\/eskigazeteci.com\/?p=31715","title":{"rendered":"Kom\u015fuda dev heyelan: Karayolu kullan\u0131lamaz halde"},"content":{"rendered":"<p>Bulgaristan &#x27;daki Rodop Da\u011flar\u0131 &#x27;nda bulunan Smolyan kasabas\u0131 ile Pamporovo tatil beldesi aras\u0131ndaki karayolunda \u00e7atlaklar olu\u015ftu\u011fu y\u00f6n\u00fcnde ihbar yap\u0131ld\u0131.<\/p>\n<p>B\u00f6lgeye sevk edilen ekipler, asfalt zeminde ciddi yar\u0131klar tespit ederek trafi\u011fi durdurdu. \u0130ncelemelerin s\u00fcrd\u00fc\u011f\u00fc s\u0131rada dev toprak k\u00fctlesi, yama\u00e7tan a\u015fa\u011f\u0131 kayd\u0131. Toprak kaymas\u0131 sonucu yolun 60 metrelik b\u00f6l\u00fcm\u00fc \u00e7\u00f6kt\u00fc. Pamporovo-Smolyan yolunun tamamen ula\u015f\u0131ma kapand\u0131. Heyelan s\u0131ras\u0131nda onlarca a\u011fa\u00e7 k\u00f6k\u00fcnden s\u00f6k\u00fcl\u00fcrken, elektrik direkleri de devrildi.<\/p>\n<p>B\u00f6lgede bulunan do\u011fal gaz hatt\u0131n\u0131n zarar g\u00f6rd\u00fc\u011f\u00fc, gaz ak\u0131\u015f\u0131n\u0131n ve elektri\u011fin g\u00fcvenlik amac\u0131yla kesildi\u011fi \u00f6\u011frenildi.<\/p>\n<p>TERK ED\u0130LM\u0130\u015e B\u0130NA \u0130\u00c7\u0130N \u00c7\u00d6KME R\u0130SK\u0130<\/p>\n<p>Heyelan b\u00f6lgesine yak\u0131n noktada bulunan 7-8 katl\u0131 terk edilmi\u015f beton yap\u0131n\u0131n temellerinde hasar olu\u015ftu\u011fundan \u015f\u00fcphe edildi\u011fi belirtildi. Binan\u0131n \u00e7\u00f6kme riski ta\u015f\u0131d\u0131\u011f\u0131n\u0131 belirten yetkililer, \u00e7evrede g\u00fcvenlik \u00f6nlemleri ald\u0131.<\/p>\n<p>Heyelan b\u00f6lgesinin \u00fcst k\u0131sm\u0131nda yer alan baraj da incelemeye al\u0131nd\u0131. Uzman ekiplerin, barajdan kaynakl\u0131 su s\u0131z\u0131nt\u0131s\u0131 veya zeminin a\u015f\u0131r\u0131 yumu\u015famas\u0131 gibi ihtimalleri ara\u015ft\u0131rd\u0131\u011f\u0131 \u00f6\u011frenildi.<\/p>\n<p>ZEM\u0130N HAREKETL\u0130L\u0130\u011e\u0130 S\u00dcR\u00dcYOR<\/p>\n<p>\u0130lk belirlemelere g\u00f6re yakla\u015f\u0131k 5 ila 6 bin metrekarelik alan kayd\u0131. B\u00f6lgede zemin hareketlerinin&#8230;<\/p>\n","protected":false},"excerpt":{"rendered":"<p>Bulgaristan&#8217;da Smolyan-Pamporovo karayolunda toprak kaymas\u0131 meydana geldi. Onlarca a\u011fa\u00e7 yama\u00e7tan s\u00fcr\u00fcklenirken, yol trafi\u011fe kapand\u0131.<\/p>\n","protected":false},"author":2,"featured_media":31714,"comment_status":"open","ping_status":"open","sticky":false,"template":"","format":"standard","meta":{"footnotes":""},"categories":[6,5],"tags":[],"class_list":["post-31715","post","type-post","status-publish","format-standard","has-post-thumbnail","hentry","category-gundem","category-son-dakika"],"_links":{"self":[{"href":"https:\/\/eskigazeteci.com\/index.php?rest_route=\/wp\/v2\/posts\/31715","targetHints":{"allow":["GET"]}}],"collection":[{"href":"https:\/\/eskigazeteci.com\/index.php?rest_route=\/wp\/v2\/posts"}],"about":[{"href":"https:\/\/eskigazeteci.com\/index.php?rest_route=\/wp\/v2\/types\/post"}],"author":[{"embeddable":true,"href":"https:\/\/eskigazeteci.com\/index.php?rest_route=\/wp\/v2\/users\/2"}],"replies":[{"embeddable":true,"href":"https:\/\/eskigazeteci.com\/index.php?rest_route=%2Fwp%2Fv2%2Fcomments&post=31715"}],"version-history":[{"count":0,"href":"https:\/\/eskigazeteci.com\/index.php?rest_route=\/wp\/v2\/posts\/31715\/revisions"}],"wp:featuredmedia":[{"embeddable":true,"href":"https:\/\/eskigazeteci.com\/index.php?rest_route=\/wp\/v2\/media\/31714"}],"wp:attachment":[{"href":"https:\/\/eskigazeteci.com\/index.php?rest_route=%2Fwp%2Fv2%2Fmedia&parent=31715"}],"wp:term":[{"taxonomy":"category","embeddable":true,"href":"https:\/\/eskigazeteci.com\/index.php?rest_route=%2Fwp%2Fv2%2Fcategories&post=31715"},{"taxonomy":"post_tag","embeddable":true,"href":"https:\/\/eskigazeteci.com\/index.php?rest_route=%2Fwp%2Fv2%2Ftags&post=31715"}],"curies":[{"name":"wp","href":"https:\/\/api.w.org\/{rel}","templated":true}]}}