{"id":31713,"date":"2026-05-02T09:08:24","date_gmt":"2026-05-02T09:08:24","guid":{"rendered":"https:\/\/eskigazeteci.com\/?p=31713"},"modified":"2026-05-02T09:08:24","modified_gmt":"2026-05-02T09:08:24","slug":"trump-yeniden-kubayi-hedef-aldi","status":"publish","type":"post","link":"https:\/\/eskigazeteci.com\/?p=31713","title":{"rendered":"Trump yeniden K\u00fcba&#8217;y\u0131 hedef ald\u0131"},"content":{"rendered":"<p>ABD Ba\u015fkan\u0131 Donald Trump, Florida eyaletinde yapt\u0131\u011f\u0131 konu\u015fmada, K\u00fcba&#x27;ya ili\u015fkin \u015faka yollu oldu\u011fu de\u011ferlendirilen a\u00e7\u0131klamalarda bulundu.<\/p>\n<p>K\u00fcba&#x27;y\u0131 &quot;k\u0131sa s\u00fcrede y\u00f6netimi devralacaklar\u0131&quot; bir yer olarak nitelendiren Trump, K\u00fcba&#x27;n\u0131n &quot;problemleri&quot; oldu\u011funu savundu.<\/p>\n<p>Trump ayr\u0131ca, &quot;\u0130ran&#x27;dan d\u00f6nerken u\u00e7ak gemilerimizden belki de USS Abraham Lincoln, k\u0131y\u0131 yak\u0131nlar\u0131nda demirleyecek ve &#x27;\u00c7ok te\u015fekk\u00fcrler, pes ediyoruz.&#x27; diyecekler.&quot; ifadelerini kulland\u0131.<\/p>\n<p>Ba\u015fkan Trump&#x27;\u0131n konu\u015fmas\u0131 s\u0131ras\u0131nda salondan g\u00fcl\u00fc\u015fmeler y\u00fckselirken Beyaz Saray, Trump&#x27;\u0131n ifadelerinin ciddi olup olmad\u0131\u011f\u0131na ili\u015fkin hen\u00fcz bir a\u00e7\u0131klamada bulunmad\u0131.<\/p>\n<p>Trump , 13 Nisan&#x27;da yapt\u0131\u011f\u0131 a\u00e7\u0131klamada, \u0130ran g\u00fcndeminin ard\u0131ndan K\u00fcba konusuyla da &quot;ilgileneceklerini&quot; kaydetmi\u015f, &quot;K\u00fcba farkl\u0131 bir hikaye. Oras\u0131 y\u0131llard\u0131r korkun\u00e7 \u015fekilde y\u00f6netiliyor. \u0130ran&#x27;dan sonra oraya bakabiliriz.&quot; ifadelerini kullanm\u0131\u015ft\u0131.<\/p>\n<p>K\u00fcba Devlet Ba\u015fkan\u0131 Miguel Diaz Canel ise olas\u0131 bir ABD i\u015fgaline ili\u015fkin, &quot;E\u011fer bu ger\u00e7ekle\u015firse \u00e7at\u0131\u015fma olur, m\u00fccadele olur, kendimizi savunuruz ve e\u011fer \u00f6lmemiz icap ediyorsa \u00f6l\u00fcr\u00fcz.&quot; demi\u015fti.<\/p>\n<p>Yurtd\u0131\u015f\u0131nda ya\u015fanan en son olaylar, d\u00fcnya g\u00fcndemine oturan d\u0131\u015f haberler, son dakika d\u00fcnya haberleri, di\u011fer d\u00fcnya \u00fclkelerinden g\u00fcncel haberler i\u00e7in&#8230;<\/p>\n","protected":false},"excerpt":{"rendered":"<p>ABD Ba\u015fkan\u0131 Donald Trump, iki \u00fclke aras\u0131nda gerilim ya\u015fand\u0131\u011f\u0131 bir d\u00f6nemde K\u00fcba&#8217;y\u0131, k\u0131sa s\u00fcrede y\u00f6netimi devralacaklar\u0131 bir yer olarak tan\u0131mlad\u0131.<\/p>\n","protected":false},"author":2,"featured_media":31712,"comment_status":"open","ping_status":"open","sticky":false,"template":"","format":"standard","meta":{"footnotes":""},"categories":[6,5],"tags":[],"class_list":["post-31713","post","type-post","status-publish","format-standard","has-post-thumbnail","hentry","category-gundem","category-son-dakika"],"_links":{"self":[{"href":"https:\/\/eskigazeteci.com\/index.php?rest_route=\/wp\/v2\/posts\/31713","targetHints":{"allow":["GET"]}}],"collection":[{"href":"https:\/\/eskigazeteci.com\/index.php?rest_route=\/wp\/v2\/posts"}],"about":[{"href":"https:\/\/eskigazeteci.com\/index.php?rest_route=\/wp\/v2\/types\/post"}],"author":[{"embeddable":true,"href":"https:\/\/eskigazeteci.com\/index.php?rest_route=\/wp\/v2\/users\/2"}],"replies":[{"embeddable":true,"href":"https:\/\/eskigazeteci.com\/index.php?rest_route=%2Fwp%2Fv2%2Fcomments&post=31713"}],"version-history":[{"count":0,"href":"https:\/\/eskigazeteci.com\/index.php?rest_route=\/wp\/v2\/posts\/31713\/revisions"}],"wp:featuredmedia":[{"embeddable":true,"href":"https:\/\/eskigazeteci.com\/index.php?rest_route=\/wp\/v2\/media\/31712"}],"wp:attachment":[{"href":"https:\/\/eskigazeteci.com\/index.php?rest_route=%2Fwp%2Fv2%2Fmedia&parent=31713"}],"wp:term":[{"taxonomy":"category","embeddable":true,"href":"https:\/\/eskigazeteci.com\/index.php?rest_route=%2Fwp%2Fv2%2Fcategories&post=31713"},{"taxonomy":"post_tag","embeddable":true,"href":"https:\/\/eskigazeteci.com\/index.php?rest_route=%2Fwp%2Fv2%2Ftags&post=31713"}],"curies":[{"name":"wp","href":"https:\/\/api.w.org\/{rel}","templated":true}]}}