{"id":31707,"date":"2026-05-02T08:46:51","date_gmt":"2026-05-02T08:46:51","guid":{"rendered":"https:\/\/eskigazeteci.com\/?p=31707"},"modified":"2026-05-02T08:46:51","modified_gmt":"2026-05-02T08:46:51","slug":"mayis-ayinda-kar-surprizi-kent-merkezi-beyaza-burundu-3-metreyi-asan-karla-mucadele","status":"publish","type":"post","link":"https:\/\/eskigazeteci.com\/?p=31707","title":{"rendered":"May\u0131s ay\u0131nda kar s\u00fcrprizi: Kent merkezi beyaza b\u00fcr\u00fcnd\u00fc&#8230;. 3 metreyi a\u015fan karla m\u00fccadele"},"content":{"rendered":"<p>Ordu&#x27;nun Kabad\u00fcz il\u00e7esinin y\u00fcksek kesimlerindeki Turnal\u0131k Mahallesi\u2019nde, gece saatlerinde ba\u015flayan kar ya\u011f\u0131\u015f\u0131, k\u0131sa s\u00fcrede etkisini art\u0131rd\u0131. Ya\u011f\u0131\u015fla birlikte mahalle beyaza b\u00fcr\u00fcn\u00fcrken, kar kal\u0131nl\u0131\u011f\u0131 ise yer yer 25 santimetreye kadar ula\u015ft\u0131.<\/p>\n<p>Ordu&#x27;nun Kabad\u00fcz il\u00e7esinin y\u00fcksek kesimlerindeki Turnal\u0131k Mahallesi\u2019nde, gece saatlerinde ba\u015flayan kar ya\u011f\u0131\u015f\u0131, k\u0131sa s\u00fcrede etkisini art\u0131rd\u0131. Ya\u011f\u0131\u015fla birlikte mahalle beyaza b\u00fcr\u00fcn\u00fcrken, kar kal\u0131nl\u0131\u011f\u0131 ise yer yer 25 santimetreye kadar ula\u015ft\u0131.<\/p>\n<p>May\u0131s ay\u0131nda ya\u011fan kar nedeniyle baz\u0131 vatanda\u015flar haz\u0131rl\u0131ks\u0131z yakaland\u0131klar\u0131n\u0131 belirtti. B\u00f6lgede kar nedeniyle g\u00fczel g\u00f6r\u00fcnt\u00fcler olu\u015ftu.<\/p>\n<p>May\u0131s ay\u0131nda ya\u011fan kar nedeniyle baz\u0131 vatanda\u015flar haz\u0131rl\u0131ks\u0131z yakaland\u0131klar\u0131n\u0131 belirtti. B\u00f6lgede kar nedeniyle g\u00fczel g\u00f6r\u00fcnt\u00fcler olu\u015ftu.<\/p>\n<p>Yozgat&#x27;ta gece etkili olan sa\u011fana\u011f\u0131n ard\u0131ndan kar ya\u011fd\u0131. Ya\u011f\u0131\u015fla birlikte kent merkezi beyaz \u00f6rt\u00fcyle kapland\u0131. Binalar\u0131n \u00e7at\u0131lar\u0131, ara\u00e7lar\u0131n \u00fczeri ve ye\u015fil alanlar kar alt\u0131nda kald\u0131. \u00c7i\u00e7ek a\u00e7an meyve bah\u00e7eleri ve a\u011fa\u00e7lar yine beyaza b\u00fcr\u00fcnd\u00fc. Kentte ya\u015fayanlar, sabah ara\u00e7lar\u0131n\u0131n \u00fczerindeki kar\u0131 temizlemeye \u00e7al\u0131\u015ft\u0131.<\/p>\n<p>Yozgat&#x27;ta gece etkili olan sa\u011fana\u011f\u0131n ard\u0131ndan kar ya\u011fd\u0131. Ya\u011f\u0131\u015fla birlikte kent merkezi beyaz \u00f6rt\u00fcyle kapland\u0131. Binalar\u0131n&#8230;<\/p>\n","protected":false},"excerpt":{"rendered":"<p>Ordu&#8217;nun Kabad\u00fcz il\u00e7esinde may\u0131s ay\u0131nda kar ya\u011fd\u0131. Kar kal\u0131nl\u0131\u011f\u0131n\u0131n yer yer 25 santimetreye kadar ula\u015ft\u0131\u011f\u0131 belirtildi. Yozgat&#8217;ta da kar ya\u011f\u0131\u015f\u0131 etkili oldu&#8230;.<\/p>\n","protected":false},"author":2,"featured_media":31706,"comment_status":"open","ping_status":"open","sticky":false,"template":"","format":"standard","meta":{"footnotes":""},"categories":[6,5],"tags":[],"class_list":["post-31707","post","type-post","status-publish","format-standard","has-post-thumbnail","hentry","category-gundem","category-son-dakika"],"_links":{"self":[{"href":"https:\/\/eskigazeteci.com\/index.php?rest_route=\/wp\/v2\/posts\/31707","targetHints":{"allow":["GET"]}}],"collection":[{"href":"https:\/\/eskigazeteci.com\/index.php?rest_route=\/wp\/v2\/posts"}],"about":[{"href":"https:\/\/eskigazeteci.com\/index.php?rest_route=\/wp\/v2\/types\/post"}],"author":[{"embeddable":true,"href":"https:\/\/eskigazeteci.com\/index.php?rest_route=\/wp\/v2\/users\/2"}],"replies":[{"embeddable":true,"href":"https:\/\/eskigazeteci.com\/index.php?rest_route=%2Fwp%2Fv2%2Fcomments&post=31707"}],"version-history":[{"count":0,"href":"https:\/\/eskigazeteci.com\/index.php?rest_route=\/wp\/v2\/posts\/31707\/revisions"}],"wp:featuredmedia":[{"embeddable":true,"href":"https:\/\/eskigazeteci.com\/index.php?rest_route=\/wp\/v2\/media\/31706"}],"wp:attachment":[{"href":"https:\/\/eskigazeteci.com\/index.php?rest_route=%2Fwp%2Fv2%2Fmedia&parent=31707"}],"wp:term":[{"taxonomy":"category","embeddable":true,"href":"https:\/\/eskigazeteci.com\/index.php?rest_route=%2Fwp%2Fv2%2Fcategories&post=31707"},{"taxonomy":"post_tag","embeddable":true,"href":"https:\/\/eskigazeteci.com\/index.php?rest_route=%2Fwp%2Fv2%2Ftags&post=31707"}],"curies":[{"name":"wp","href":"https:\/\/api.w.org\/{rel}","templated":true}]}}