{"id":31703,"date":"2026-05-02T08:42:56","date_gmt":"2026-05-02T08:42:56","guid":{"rendered":"https:\/\/eskigazeteci.com\/?p=31703"},"modified":"2026-05-02T08:42:56","modified_gmt":"2026-05-02T08:42:56","slug":"maltepede-korkunc-olay-agaclik-alanda-olu-bulundu","status":"publish","type":"post","link":"https:\/\/eskigazeteci.com\/?p=31703","title":{"rendered":"Maltepe&#8217;de korkun\u00e7 olay! A\u011fa\u00e7l\u0131k alanda \u00f6l\u00fc bulundu"},"content":{"rendered":"<p>\u0130stanbul Maltepe&#8217;de a\u011fa\u00e7l\u0131k alanda bir ki\u015finin hareketsiz durdu\u011funu g\u00f6renler ekiplere haber verdi. Ekipler, kimli\u011finin Y.E. oldu\u011funu belirledi\u011fi ki\u015finin&#8230;<\/p>\n","protected":false},"excerpt":{"rendered":"<p>\u0130stanbul Maltepe&#8217;de a\u011fa\u00e7l\u0131k alanda bir ki\u015finin hareketsiz durdu\u011funu g\u00f6renler ekiplere haber verdi. Ekipler, kimli\u011finin Y.E. oldu\u011funu belirledi\u011fi ki\u015finin&#8230;<\/p>\n","protected":false},"author":2,"featured_media":31702,"comment_status":"open","ping_status":"open","sticky":false,"template":"","format":"standard","meta":{"footnotes":""},"categories":[6,5],"tags":[],"class_list":["post-31703","post","type-post","status-publish","format-standard","has-post-thumbnail","hentry","category-gundem","category-son-dakika"],"_links":{"self":[{"href":"https:\/\/eskigazeteci.com\/index.php?rest_route=\/wp\/v2\/posts\/31703","targetHints":{"allow":["GET"]}}],"collection":[{"href":"https:\/\/eskigazeteci.com\/index.php?rest_route=\/wp\/v2\/posts"}],"about":[{"href":"https:\/\/eskigazeteci.com\/index.php?rest_route=\/wp\/v2\/types\/post"}],"author":[{"embeddable":true,"href":"https:\/\/eskigazeteci.com\/index.php?rest_route=\/wp\/v2\/users\/2"}],"replies":[{"embeddable":true,"href":"https:\/\/eskigazeteci.com\/index.php?rest_route=%2Fwp%2Fv2%2Fcomments&post=31703"}],"version-history":[{"count":0,"href":"https:\/\/eskigazeteci.com\/index.php?rest_route=\/wp\/v2\/posts\/31703\/revisions"}],"wp:featuredmedia":[{"embeddable":true,"href":"https:\/\/eskigazeteci.com\/index.php?rest_route=\/wp\/v2\/media\/31702"}],"wp:attachment":[{"href":"https:\/\/eskigazeteci.com\/index.php?rest_route=%2Fwp%2Fv2%2Fmedia&parent=31703"}],"wp:term":[{"taxonomy":"category","embeddable":true,"href":"https:\/\/eskigazeteci.com\/index.php?rest_route=%2Fwp%2Fv2%2Fcategories&post=31703"},{"taxonomy":"post_tag","embeddable":true,"href":"https:\/\/eskigazeteci.com\/index.php?rest_route=%2Fwp%2Fv2%2Ftags&post=31703"}],"curies":[{"name":"wp","href":"https:\/\/api.w.org\/{rel}","templated":true}]}}