{"id":31697,"date":"2026-05-02T08:38:21","date_gmt":"2026-05-02T08:38:21","guid":{"rendered":"https:\/\/eskigazeteci.com\/?p=31697"},"modified":"2026-05-02T08:38:21","modified_gmt":"2026-05-02T08:38:21","slug":"trabzonspor-ile-goztepe-karsi-karsiya-geliyor-macin-heyecani-mislide","status":"publish","type":"post","link":"https:\/\/eskigazeteci.com\/?p=31697","title":{"rendered":"Trabzonspor ile G\u00f6ztepe kar\u015f\u0131 kar\u015f\u0131ya geliyor! Ma\u00e7\u0131n heyecan\u0131 Misli&#8217;de"},"content":{"rendered":"<p>Papara Park&#x27;ta saat 20.00&#x27;de ba\u015flayacak ma\u00e7\u0131, hakem Ozan Erg\u00fcn y\u00f6netecek.<\/p>\n<p>Ligde oynad\u0131\u011f\u0131 31 ma\u00e7ta 65 puan toplayan Trabzonspor, Fenerbah\u00e7e \u2019nin iki puan gerisinde \u00fc\u00e7\u00fcnc\u00fc s\u0131rada bulunuyor.<\/p>\n<p>Ligde oynad\u0131\u011f\u0131 31 kar\u015f\u0131la\u015fmada 51 puan toplayan G\u00f6ztepe ise ayn\u0131 puana sahip Ba\u015fak\u015fehir\u2019in averajla arkas\u0131nda 6. s\u0131rada yer al\u0131yor.<\/p>\n<p>\u0130ki tak\u0131m aras\u0131nda ligin ilk yar\u0131s\u0131nda \u0130zmir\u2019de oynanan ma\u00e7\u0131 Trabzonspor 2-1 kazanm\u0131\u015ft\u0131.<\/p>\n<p>MUHTEMEL 11&#x27;LER<\/p>\n<p>Trabzonspor: Onana, Pina, Ozan, Nwaiwu, Mustafa, Oulai, Jabol-Folcarelli, Mu\u00e7i, Zubkov, Augusto, Onuachu.<\/p>\n<p>G\u00f6ztepe: Lis, Allan, Heliton, Bokele, Arda Okan, Dennis, Miroshi, Cherni, Antunes, Juan, Janderson.<\/p>\n<p>\u00d6NE \u00c7IKAN \u0130STAT\u0130ST\u0130KLER<\/p>\n<p>M\u0130SL\u0130 \u00dcYELER\u0130 NE OYNUYOR?<\/p>\n<p>Kar\u015f\u0131la\u015fmaya oynayan Misli \u00fcyelerinin %44&#x27;\u00fc Trabzonspor kazan\u0131r se\u00e7ene\u011fini tercih ediyor.<\/p>\n<p>M\u0130SL\u0130 YAZARI YETK\u0130N ETK\u0130N&#x27;\u0130N YORUMU<\/p>\n<p>Trabzonspor gelen f\u0131rsatlar\u0131n bir\u00e7o\u011funu de\u011ferlendiremedi\u011fi i\u00e7in s\u0131ralamada yerinde sayd\u0131. Fatih Tekke, e\u011fer \u00f6n\u00fc a\u00e7\u0131l\u0131rsa ve biraz yat\u0131r\u0131m yap\u0131l\u0131rsa ba\u015far\u0131l\u0131 olabilir. G\u00f6ztepe, \u00e7o\u011fu tak\u0131ma ters gelen oyun yap\u0131s\u0131yla zorluyor. Savunma kabiliyeti olduk\u00e7a y\u00fcksek oldu\u011fundan denge g\u00f6rebiliriz. \u0130lk yar\u0131 beraberli\u011fi \u00f6neriyorum.<\/p>\n<p>MA\u00c7IN HEYECANI M\u0130SL\u0130&#x27;DE YA\u015eANIYOR<\/p>\n<p>Kar\u015f\u0131la\u015fmada&#8230;<\/p>\n","protected":false},"excerpt":{"rendered":"<p>Trabzonspor, S\u00fcper Lig&#8217;in 32. haftas\u0131nda bu ak\u015fam sahas\u0131nda G\u00f6ztepe ile kar\u015f\u0131 kar\u015f\u0131ya gelecek. Bu ma\u00e7\u0131n heyecan\u0131 canl\u0131 bahis ve canl\u0131 sohbet ile Misli&#8217;de&#8230;<\/p>\n","protected":false},"author":2,"featured_media":31696,"comment_status":"open","ping_status":"open","sticky":false,"template":"","format":"standard","meta":{"footnotes":""},"categories":[5,7],"tags":[],"class_list":["post-31697","post","type-post","status-publish","format-standard","has-post-thumbnail","hentry","category-son-dakika","category-spor"],"_links":{"self":[{"href":"https:\/\/eskigazeteci.com\/index.php?rest_route=\/wp\/v2\/posts\/31697","targetHints":{"allow":["GET"]}}],"collection":[{"href":"https:\/\/eskigazeteci.com\/index.php?rest_route=\/wp\/v2\/posts"}],"about":[{"href":"https:\/\/eskigazeteci.com\/index.php?rest_route=\/wp\/v2\/types\/post"}],"author":[{"embeddable":true,"href":"https:\/\/eskigazeteci.com\/index.php?rest_route=\/wp\/v2\/users\/2"}],"replies":[{"embeddable":true,"href":"https:\/\/eskigazeteci.com\/index.php?rest_route=%2Fwp%2Fv2%2Fcomments&post=31697"}],"version-history":[{"count":0,"href":"https:\/\/eskigazeteci.com\/index.php?rest_route=\/wp\/v2\/posts\/31697\/revisions"}],"wp:featuredmedia":[{"embeddable":true,"href":"https:\/\/eskigazeteci.com\/index.php?rest_route=\/wp\/v2\/media\/31696"}],"wp:attachment":[{"href":"https:\/\/eskigazeteci.com\/index.php?rest_route=%2Fwp%2Fv2%2Fmedia&parent=31697"}],"wp:term":[{"taxonomy":"category","embeddable":true,"href":"https:\/\/eskigazeteci.com\/index.php?rest_route=%2Fwp%2Fv2%2Fcategories&post=31697"},{"taxonomy":"post_tag","embeddable":true,"href":"https:\/\/eskigazeteci.com\/index.php?rest_route=%2Fwp%2Fv2%2Ftags&post=31697"}],"curies":[{"name":"wp","href":"https:\/\/api.w.org\/{rel}","templated":true}]}}