{"id":31695,"date":"2026-05-02T08:36:50","date_gmt":"2026-05-02T08:36:50","guid":{"rendered":"https:\/\/eskigazeteci.com\/?p=31695"},"modified":"2026-05-02T08:36:50","modified_gmt":"2026-05-02T08:36:50","slug":"fenerbahce-basaksehiri-konuk-ediyor-macin-heyecani-mislide","status":"publish","type":"post","link":"https:\/\/eskigazeteci.com\/?p=31695","title":{"rendered":"Fenerbah\u00e7e, Ba\u015fak\u015fehir\u2019i konuk ediyor! Ma\u00e7\u0131n heyecan\u0131 Misli&#8217;de"},"content":{"rendered":"<p>Chobani Stad\u0131&#x27;nda saat 20.00&#x27;de ba\u015flayacak ma\u00e7\u0131, hakem O\u011fuzhan Aksu y\u00f6netecek.<\/p>\n<p>Ligde oynad\u0131\u011f\u0131 31 ma\u00e7ta 67 puan toplayan Fenerbah\u00e7e , lider Galatasaray &#x27;\u0131n 7 puan gerisinde ikinci s\u0131rada bulunuyor.<\/p>\n<p>Ligde oynad\u0131\u011f\u0131 31 kar\u015f\u0131la\u015fmada 51 puan toplayan Ba\u015fak\u015fehir ise ayn\u0131 puana sahip G\u00f6ztepe&#x27;nin averajla \u00f6n\u00fcnde 5. s\u0131rada yer al\u0131yor.<\/p>\n<p>\u0130ki tak\u0131m aras\u0131nda ligin ilk yar\u0131s\u0131nda oynanan ma\u00e7 1-1 beraberlikle sona ermi\u015fti.<\/p>\n<p>MUHTEMEL 11&#x27;LER<\/p>\n<p>Fenerbah\u00e7e: Mert, Semedo, \u00c7a\u011flar, Oosterwolde, Levent, Kante, \u0130smail, Talisca, Musaba, Kerem, Cherif.<\/p>\n<p>Ba\u015fak\u015fehir: Muhammed, \u00d6mer Ali, Duarte, Opoku, Kaz\u0131mcan, Umut, Kemen, Yusuf, Harit, Shomorudov, Bertu\u011f.<\/p>\n<p>\u00d6NE \u00c7IKAN \u0130STAT\u0130ST\u0130KLER<\/p>\n<p>M\u0130SL\u0130 \u00dcYELER\u0130 NE OYNUYOR?<\/p>\n<p>Kar\u015f\u0131la\u015fmaya oynayan Misli \u00fcyelerinin %30&#x27;u Fenerbah\u00e7e kazan\u0131r se\u00e7ene\u011fini tercih ediyor.<\/p>\n<p>M\u0130SL\u0130 YAZARI S\u0130NEM ARSLANO\u011eLU&#x27;NUN YORUMU<\/p>\n<p>Ge\u00e7ti\u011fimiz hafta derbide kaybeden Fenerbah\u00e7e, \u015fampiyonluk \u015fans\u0131n\u0131 \u00e7ok b\u00fcy\u00fck \u00f6l\u00e7\u00fcde kaybetti. Domenico Tedesco ile yollar ayr\u0131ld\u0131. Evlerinde ligin istikrarl\u0131 ve formda ekiplerinden Ba\u015fak\u015fehir\u2019i konuk ediyorlar. Fenerbah\u00e7e\u2019nin bundan sonras\u0131 i\u00e7in \u00e7ok motivasyonu olaca\u011f\u0131n\u0131 d\u00fc\u015f\u00fcnm\u00fcyorum. Bu ma\u00e7 \u00f6ncesi eksikleri de epey \u00e7ok, \u00f6zellikle de defans hatt\u0131nda. Taraf a\u00e7\u0131s\u0131ndan da bence&#8230;<\/p>\n","protected":false},"excerpt":{"rendered":"<p>Fenerbah\u00e7e, S\u00fcper Lig&#8217;in 32. haftas\u0131nda bu ak\u015fam sahas\u0131nda Ba\u015fak\u015fehir ile kar\u015f\u0131 kar\u015f\u0131ya gelecek. Bu ma\u00e7\u0131n heyecan\u0131 canl\u0131 bahis ve canl\u0131 sohbet ile Misli&#8217;de&#8230;<\/p>\n","protected":false},"author":2,"featured_media":31694,"comment_status":"open","ping_status":"open","sticky":false,"template":"","format":"standard","meta":{"footnotes":""},"categories":[5,7],"tags":[],"class_list":["post-31695","post","type-post","status-publish","format-standard","has-post-thumbnail","hentry","category-son-dakika","category-spor"],"_links":{"self":[{"href":"https:\/\/eskigazeteci.com\/index.php?rest_route=\/wp\/v2\/posts\/31695","targetHints":{"allow":["GET"]}}],"collection":[{"href":"https:\/\/eskigazeteci.com\/index.php?rest_route=\/wp\/v2\/posts"}],"about":[{"href":"https:\/\/eskigazeteci.com\/index.php?rest_route=\/wp\/v2\/types\/post"}],"author":[{"embeddable":true,"href":"https:\/\/eskigazeteci.com\/index.php?rest_route=\/wp\/v2\/users\/2"}],"replies":[{"embeddable":true,"href":"https:\/\/eskigazeteci.com\/index.php?rest_route=%2Fwp%2Fv2%2Fcomments&post=31695"}],"version-history":[{"count":0,"href":"https:\/\/eskigazeteci.com\/index.php?rest_route=\/wp\/v2\/posts\/31695\/revisions"}],"wp:featuredmedia":[{"embeddable":true,"href":"https:\/\/eskigazeteci.com\/index.php?rest_route=\/wp\/v2\/media\/31694"}],"wp:attachment":[{"href":"https:\/\/eskigazeteci.com\/index.php?rest_route=%2Fwp%2Fv2%2Fmedia&parent=31695"}],"wp:term":[{"taxonomy":"category","embeddable":true,"href":"https:\/\/eskigazeteci.com\/index.php?rest_route=%2Fwp%2Fv2%2Fcategories&post=31695"},{"taxonomy":"post_tag","embeddable":true,"href":"https:\/\/eskigazeteci.com\/index.php?rest_route=%2Fwp%2Fv2%2Ftags&post=31695"}],"curies":[{"name":"wp","href":"https:\/\/api.w.org\/{rel}","templated":true}]}}