{"id":31691,"date":"2026-05-02T08:23:02","date_gmt":"2026-05-02T08:23:02","guid":{"rendered":"https:\/\/eskigazeteci.com\/?p=31691"},"modified":"2026-05-02T08:23:02","modified_gmt":"2026-05-02T08:23:02","slug":"icisleri-bakanligi-16-ilde-duzenlenen-operasyonlarda-198-supheli-yakalandi","status":"publish","type":"post","link":"https:\/\/eskigazeteci.com\/?p=31691","title":{"rendered":"\u0130\u00e7i\u015fleri Bakanl\u0131\u011f\u0131: 16 ilde d\u00fczenlenen operasyonlarda 198 \u015f\u00fcpheli yakaland\u0131"},"content":{"rendered":"<p>Jandarma Genel Komutanl\u0131\u011f\u0131 KOM ve Siber Su\u00e7larla M\u00fccadele Daire Ba\u015fkanl\u0131klar\u0131 ile Cumhuriyet Ba\u015fsavc\u0131l\u0131klar\u0131 koordinesinde; \u0130l Jandarma Komutanl\u0131klar\u0131nca 16 ayr\u0131 organize su\u00e7 \u00f6rg\u00fct\u00fcne y\u00f6nelik operasyonlar d\u00fczenlendi.<\/p>\n<p>D\u00fczenlenen operasyonlarda Mali Su\u00e7lar\u0131 Ara\u015ft\u0131rma Kurulu (MASAK) incelemesi sonucunda 3,5 milyar TL hesap hareketi bulunan 198 \u015f\u00fcpheli yakaland\u0131.<\/p>\n<p>\u015e\u00fcphelilerden 105&#x27;i tutukland\u0131. 75&#x27;i hakk\u0131nda adli kontrol h\u00fck\u00fcmleri uyguland\u0131. Di\u011ferlerinin i\u015flemleri devam ediyor.<\/p>\n<p>\u015e\u00fcphelilerin; Erzurum, Sakarya, Ayd\u0131n, Kayseri ve Giresun&#x27;da sosyal medya platformlar\u0131 \u00fczerinden &quot;yat\u0131r\u0131m dan\u0131\u015fmanl\u0131\u011f\u0131&quot; gibi ilanlarla vatanda\u015flar\u0131m\u0131z\u0131 doland\u0131rd\u0131klar\u0131, Adana ve Mu\u011fla&#x27;da bask\u0131 ve tehditle i\u015fletmelerden maddi kazan\u00e7 sa\u011flamaya \u00e7al\u0131\u015ft\u0131klar\u0131, Kahramanmara\u015f, A\u011fr\u0131 ve Tekirda\u011f&#x27;da uyu\u015fturucu ticaretini organize \u015fekilde y\u00fcr\u00fctt\u00fckleri, Sinop&#x27;ta internet siteleri \u00fczerinden yasa d\u0131\u015f\u0131 bahis oynatt\u0131klar\u0131 ve yasa d\u0131\u015f\u0131 para transferlerine arac\u0131l\u0131k ettikleri, Tunceli&#x27;de resmi belgede sahtecilik su\u00e7unu i\u015fledikleri, Manisa&#x27;da silah ka\u00e7ak\u00e7\u0131l\u0131\u011f\u0131 yapt\u0131klar\u0131, Bal\u0131kesir, Eski\u015fehir ve Bitlis&#x27;te y\u00fcksek faiz uygulayarak tefecilik yapt\u0131klar\u0131 tespit edildi.<\/p>\n<p>Operasyonlar sonucunda \u015f\u00fcphelilere ait 24 adet ta\u015f\u0131nmaz, 16&#8230;<\/p>\n","protected":false},"excerpt":{"rendered":"<p>\u0130\u00e7i\u015fleri Bakanl\u0131\u011f\u0131 16 ilde 16 ayr\u0131 organize su\u00e7 \u00f6rg\u00fct\u00fcne y\u00f6nelik d\u00fczenlenen operasyonlarda 3,5 milyar TL hesap hareketi bulunan 198 \u015f\u00fcphelinin yakaland\u0131\u011f\u0131n\u0131&#8230;<\/p>\n","protected":false},"author":2,"featured_media":31690,"comment_status":"open","ping_status":"open","sticky":false,"template":"","format":"standard","meta":{"footnotes":""},"categories":[6,5],"tags":[],"class_list":["post-31691","post","type-post","status-publish","format-standard","has-post-thumbnail","hentry","category-gundem","category-son-dakika"],"_links":{"self":[{"href":"https:\/\/eskigazeteci.com\/index.php?rest_route=\/wp\/v2\/posts\/31691","targetHints":{"allow":["GET"]}}],"collection":[{"href":"https:\/\/eskigazeteci.com\/index.php?rest_route=\/wp\/v2\/posts"}],"about":[{"href":"https:\/\/eskigazeteci.com\/index.php?rest_route=\/wp\/v2\/types\/post"}],"author":[{"embeddable":true,"href":"https:\/\/eskigazeteci.com\/index.php?rest_route=\/wp\/v2\/users\/2"}],"replies":[{"embeddable":true,"href":"https:\/\/eskigazeteci.com\/index.php?rest_route=%2Fwp%2Fv2%2Fcomments&post=31691"}],"version-history":[{"count":0,"href":"https:\/\/eskigazeteci.com\/index.php?rest_route=\/wp\/v2\/posts\/31691\/revisions"}],"wp:featuredmedia":[{"embeddable":true,"href":"https:\/\/eskigazeteci.com\/index.php?rest_route=\/wp\/v2\/media\/31690"}],"wp:attachment":[{"href":"https:\/\/eskigazeteci.com\/index.php?rest_route=%2Fwp%2Fv2%2Fmedia&parent=31691"}],"wp:term":[{"taxonomy":"category","embeddable":true,"href":"https:\/\/eskigazeteci.com\/index.php?rest_route=%2Fwp%2Fv2%2Fcategories&post=31691"},{"taxonomy":"post_tag","embeddable":true,"href":"https:\/\/eskigazeteci.com\/index.php?rest_route=%2Fwp%2Fv2%2Ftags&post=31691"}],"curies":[{"name":"wp","href":"https:\/\/api.w.org\/{rel}","templated":true}]}}