{"id":31689,"date":"2026-05-02T08:21:29","date_gmt":"2026-05-02T08:21:29","guid":{"rendered":"https:\/\/eskigazeteci.com\/?p=31689"},"modified":"2026-05-02T08:21:29","modified_gmt":"2026-05-02T08:21:29","slug":"memur-ve-emeklinin-hesaplari-degisiyor-iste-masadaki-zam-oranlari","status":"publish","type":"post","link":"https:\/\/eskigazeteci.com\/?p=31689","title":{"rendered":"Memur ve emeklinin hesaplar\u0131 de\u011fi\u015fiyor! \u0130\u015fte masadaki zam oranlar\u0131"},"content":{"rendered":"<p>Memur ve emeklilerin Temmuz ay\u0131nda alaca\u011f\u0131 maa\u015f zamm\u0131n\u0131 b\u00fcy\u00fck \u00f6l\u00e7\u00fcde belirleyecek olan Nisan ay\u0131 enflasyon verileri, T\u00fcrkiye \u0130statistik Kurumu (T\u00dc\u0130K) taraf\u0131ndan 4 May\u0131s Pazartesi g\u00fcn\u00fc kamuoyuna a\u00e7\u0131klanacak. Bu veriyle birlikte y\u0131l\u0131n ilk d\u00f6rt ay\u0131na ili\u015fkin enflasyon fark\u0131 netle\u015fmi\u015f olacak ve milyonlarca vatanda\u015f\u0131n merakla bekledi\u011fi zam oranlar\u0131 b\u00fcy\u00fck \u00f6l\u00e7\u00fcde belirginle\u015fecek.<\/p>\n<p>\u0130LK \u00dc\u00c7 AYIN VER\u0130LER\u0130 VE BEKLENT\u0130LER<\/p>\n<p>Y\u0131l\u0131n ilk \u00e7eyre\u011finde T\u00dcFE verileri; Ocak\u2019ta y\u00fczde 4,84, \u015eubat\u2019ta y\u00fczde 2,96 ve Mart\u2019ta y\u00fczde 1,94 art\u0131\u015f g\u00f6stermi\u015fti. Nisan ay\u0131 i\u00e7in 29 ekonomistin kat\u0131l\u0131m\u0131yla ger\u00e7ekle\u015ftirilen beklenti anketinde ise ayl\u0131k enflasyon ortalamas\u0131n\u0131n y\u00fczde 3,19 olarak ger\u00e7ekle\u015fmesi \u00f6ng\u00f6r\u00fcl\u00fcyor.<\/p>\n<p>Ekonomistlerin tahminleri y\u00fczde 2,50 ile y\u00fczde 3,60 aral\u0131\u011f\u0131nda \u015fekillenirken, bu beklentiler \u0131\u015f\u0131\u011f\u0131nda y\u0131ll\u0131k enflasyonun y\u00fczde 31,11\u2019e y\u00fckselece\u011fi tahmin ediliyor. Ayr\u0131ca, 2026 sonu enflasyon beklentisi nisan ay\u0131 itibar\u0131yla y\u00fczde 28,16 olarak kay\u0131tlara ge\u00e7ti.<\/p>\n<p>SSK VE BA\u011e-KUR EMEKL\u0130LER\u0130 \u0130\u00c7\u0130N Y\u00dcZDE 13,55 HAKKI OLU\u015eTU<\/p>\n<p>Mevcut yasal d\u00fczenlemeye g\u00f6re SSK ve Ba\u011f-Kur emeklileri, Ocak ve Temmuz aylar\u0131nda bir \u00f6nceki 6 ayl\u0131k enflasyon oran\u0131 kadar zam al\u0131yor. Nisan ay\u0131 tahminlerinin (y\u00fczde 3,19) ger\u00e7ekle\u015fmesi&#8230;<\/p>\n","protected":false},"excerpt":{"rendered":"<p>Temmuz ay\u0131nda memur ve emekli maa\u015flar\u0131na yap\u0131lacak zam oran\u0131n\u0131 b\u00fcy\u00fck \u00f6l\u00e7\u00fcde belirleyecek Nisan ay\u0131 enflasyon verileri i\u00e7in geri say\u0131m ba\u015flad\u0131. Ekonomistlerin&#8230;<\/p>\n","protected":false},"author":2,"featured_media":31688,"comment_status":"open","ping_status":"open","sticky":false,"template":"","format":"standard","meta":{"footnotes":""},"categories":[6,5],"tags":[],"class_list":["post-31689","post","type-post","status-publish","format-standard","has-post-thumbnail","hentry","category-gundem","category-son-dakika"],"_links":{"self":[{"href":"https:\/\/eskigazeteci.com\/index.php?rest_route=\/wp\/v2\/posts\/31689","targetHints":{"allow":["GET"]}}],"collection":[{"href":"https:\/\/eskigazeteci.com\/index.php?rest_route=\/wp\/v2\/posts"}],"about":[{"href":"https:\/\/eskigazeteci.com\/index.php?rest_route=\/wp\/v2\/types\/post"}],"author":[{"embeddable":true,"href":"https:\/\/eskigazeteci.com\/index.php?rest_route=\/wp\/v2\/users\/2"}],"replies":[{"embeddable":true,"href":"https:\/\/eskigazeteci.com\/index.php?rest_route=%2Fwp%2Fv2%2Fcomments&post=31689"}],"version-history":[{"count":0,"href":"https:\/\/eskigazeteci.com\/index.php?rest_route=\/wp\/v2\/posts\/31689\/revisions"}],"wp:featuredmedia":[{"embeddable":true,"href":"https:\/\/eskigazeteci.com\/index.php?rest_route=\/wp\/v2\/media\/31688"}],"wp:attachment":[{"href":"https:\/\/eskigazeteci.com\/index.php?rest_route=%2Fwp%2Fv2%2Fmedia&parent=31689"}],"wp:term":[{"taxonomy":"category","embeddable":true,"href":"https:\/\/eskigazeteci.com\/index.php?rest_route=%2Fwp%2Fv2%2Fcategories&post=31689"},{"taxonomy":"post_tag","embeddable":true,"href":"https:\/\/eskigazeteci.com\/index.php?rest_route=%2Fwp%2Fv2%2Ftags&post=31689"}],"curies":[{"name":"wp","href":"https:\/\/api.w.org\/{rel}","templated":true}]}}