{"id":31685,"date":"2026-05-02T08:18:22","date_gmt":"2026-05-02T08:18:22","guid":{"rendered":"https:\/\/eskigazeteci.com\/?p=31685"},"modified":"2026-05-02T08:18:22","modified_gmt":"2026-05-02T08:18:22","slug":"izmir-dogal-yasam-parkinda-ilginc-dostluk-cok-sasirdigimiz-bir-durum-yasandi","status":"publish","type":"post","link":"https:\/\/eskigazeteci.com\/?p=31685","title":{"rendered":"\u0130zmir Do\u011fal Ya\u015fam Park\u0131\u2019nda ilgin\u00e7 dostluk! &#8216;\u00c7ok \u015fa\u015f\u0131rd\u0131\u011f\u0131m\u0131z bir durum ya\u015fand\u0131&#8217;"},"content":{"rendered":"<p>\u0130zmir B\u00fcy\u00fck\u015fehir Belediyesi Veteriner \u0130\u015fleri Dairesi Ba\u015fkanl\u0131\u011f\u0131\u2019na ba\u011fl\u0131 \u0130zmir Do\u011fal Ya\u015fam Park\u0131\u2019nda yakla\u015f\u0131k 140 t\u00fcrden 1800 hayvan bulunuyor.<\/p>\n<p>\u0130zmir B\u00fcy\u00fck\u015fehir Belediyesi Veteriner \u0130\u015fleri Dairesi Ba\u015fkanl\u0131\u011f\u0131\u2019na ba\u011fl\u0131 \u0130zmir Do\u011fal Ya\u015fam Park\u0131\u2019nda yakla\u015f\u0131k 140 t\u00fcrden 1800 hayvan bulunuyor.<\/p>\n<p>Parkta bulunan ay\u0131lardan &#x27;\u015e\u0131mar\u0131k&#x27;, k\u0131\u015f aylar\u0131nda inine \u00e7ekilerek do\u011fum yapt\u0131. Do\u011fal Ya\u015fam \u015eube M\u00fcd\u00fcr\u00fc Serkan E\u011frilmez, biri di\u015fi biri erkek iki yavrunun d\u00fcnyaya geldi\u011fini belirtip, \u201cAy\u0131lar iri c\u00fcsselerine ra\u011fmen olduk\u00e7a k\u00fc\u00e7\u00fck, g\u00f6zleri kapal\u0131 ve t\u00fcys\u00fcz yavrular do\u011furur. Anne, aylar boyunca in i\u00e7erisinde yavrular\u0131n\u0131 emzirir. Baharla birlikte yavrular g\u00fcn y\u00fcz\u00fcne \u00e7\u0131kar. Biz de ayn\u0131 s\u00fcreci parkta do\u011fal ko\u015fullara uygun \u015fekilde sa\u011flad\u0131k&quot; dedi.<\/p>\n<p>Parkta bulunan ay\u0131lardan &#x27;\u015e\u0131mar\u0131k&#x27;, k\u0131\u015f aylar\u0131nda inine \u00e7ekilerek do\u011fum yapt\u0131. Do\u011fal Ya\u015fam \u015eube M\u00fcd\u00fcr\u00fc Serkan E\u011frilmez, biri di\u015fi biri erkek iki yavrunun d\u00fcnyaya geldi\u011fini belirtip, \u201cAy\u0131lar iri c\u00fcsselerine ra\u011fmen olduk\u00e7a k\u00fc\u00e7\u00fck, g\u00f6zleri kapal\u0131 ve t\u00fcys\u00fcz yavrular do\u011furur. Anne, aylar boyunca in i\u00e7erisinde yavrular\u0131n\u0131 emzirir. Baharla birlikte yavrular g\u00fcn y\u00fcz\u00fcne \u00e7\u0131kar. Biz de ayn\u0131 s\u00fcreci parkta do\u011fal ko\u015fullara uygun \u015fekilde sa\u011flad\u0131k&quot; dedi.<\/p>\n<p>Ay\u0131lar\u0131n \u0130zmir&#x27;deki&#8230;<\/p>\n","protected":false},"excerpt":{"rendered":"<p>\u0130zmir Do\u011fal Ya\u015fam Park\u0131\u2019nda annesini kaybeden zebra yavrusu &#8216;G\u00f6zde&#8217;, z\u00fcrafalarla birlikte ya\u015fam\u0131n\u0131 s\u00fcrd\u00fcr\u00fcrken; ay\u0131 &#8216;\u015e\u0131mar\u0131k&#8217;\u0131n d\u00fcnyaya getirdi\u011fi iki yavru&#8230;<\/p>\n","protected":false},"author":2,"featured_media":31684,"comment_status":"open","ping_status":"open","sticky":false,"template":"","format":"standard","meta":{"footnotes":""},"categories":[6,5],"tags":[],"class_list":["post-31685","post","type-post","status-publish","format-standard","has-post-thumbnail","hentry","category-gundem","category-son-dakika"],"_links":{"self":[{"href":"https:\/\/eskigazeteci.com\/index.php?rest_route=\/wp\/v2\/posts\/31685","targetHints":{"allow":["GET"]}}],"collection":[{"href":"https:\/\/eskigazeteci.com\/index.php?rest_route=\/wp\/v2\/posts"}],"about":[{"href":"https:\/\/eskigazeteci.com\/index.php?rest_route=\/wp\/v2\/types\/post"}],"author":[{"embeddable":true,"href":"https:\/\/eskigazeteci.com\/index.php?rest_route=\/wp\/v2\/users\/2"}],"replies":[{"embeddable":true,"href":"https:\/\/eskigazeteci.com\/index.php?rest_route=%2Fwp%2Fv2%2Fcomments&post=31685"}],"version-history":[{"count":0,"href":"https:\/\/eskigazeteci.com\/index.php?rest_route=\/wp\/v2\/posts\/31685\/revisions"}],"wp:featuredmedia":[{"embeddable":true,"href":"https:\/\/eskigazeteci.com\/index.php?rest_route=\/wp\/v2\/media\/31684"}],"wp:attachment":[{"href":"https:\/\/eskigazeteci.com\/index.php?rest_route=%2Fwp%2Fv2%2Fmedia&parent=31685"}],"wp:term":[{"taxonomy":"category","embeddable":true,"href":"https:\/\/eskigazeteci.com\/index.php?rest_route=%2Fwp%2Fv2%2Fcategories&post=31685"},{"taxonomy":"post_tag","embeddable":true,"href":"https:\/\/eskigazeteci.com\/index.php?rest_route=%2Fwp%2Fv2%2Ftags&post=31685"}],"curies":[{"name":"wp","href":"https:\/\/api.w.org\/{rel}","templated":true}]}}