{"id":31683,"date":"2026-05-02T08:16:48","date_gmt":"2026-05-02T08:16:48","guid":{"rendered":"https:\/\/eskigazeteci.com\/?p=31683"},"modified":"2026-05-02T08:16:48","modified_gmt":"2026-05-02T08:16:48","slug":"sicaklik-rekoru-kirilacak-bolgeler-aciklandi-turkiyede-de-gorulecek-dedi-ve-uyardi-el-nino-ile-normallerin-uzerine-cikacak","status":"publish","type":"post","link":"https:\/\/eskigazeteci.com\/?p=31683","title":{"rendered":"S\u0131cakl\u0131k rekoru k\u0131r\u0131lacak b\u00f6lgeler a\u00e7\u0131kland\u0131! &#8216;T\u00fcrkiye&#8217;de de g\u00f6r\u00fclecek&#8217; dedi ve uyard\u0131: &#8216;El Nino ile normallerin \u00fczerine \u00e7\u0131kacak&#8217;"},"content":{"rendered":"<p>Bo\u011fazi\u00e7i \u00dcniversitesi \u0130klim De\u011fi\u015fikli\u011fi ve Politikalar\u0131 Uygulama ve Ara\u015ft\u0131rma Merkezi Y\u00f6netim Kurulu \u00dcyesi Prof. Dr. Murat T\u00fcrkiye&#x27;de sonbahar ve k\u0131\u015f ya\u011f\u0131\u015flar\u0131n\u0131n son y\u0131llarda giderek azald\u0131\u011f\u0131n\u0131 belirtti. Prof. Dr. T\u00fcrke\u015f, &quot;S\u0131cakl\u0131klar\u0131n ve buharla\u015fman\u0131n artmas\u0131, ya\u011f\u0131\u015f rejiminin de\u011fi\u015fmesi, s\u0131cakl\u0131kla birlikte kurakla\u015fman\u0131n artmas\u0131 sonucunda 2040 sonras\u0131 orta ve \u00e7ok k\u00f6t\u00fcmser iklim senaryolar\u0131na g\u00f6re bug\u00fcn T\u00fcrkiye&#x27;de bulunmayan tam kurak iklim ko\u015fullar\u0131n\u0131n olu\u015fma olas\u0131l\u0131\u011f\u0131 var. Bu iklimin T\u00fcrkiye&#x27;de co\u011frafi olarak kurakla\u015fmas\u0131, kurak ve \u00e7\u00f6l iklimi benzeri tam kurak arazi ko\u015fullar\u0131n\u0131n geni\u015f alanlarda olu\u015faca\u011f\u0131 anlam\u0131na geliyor&quot; dedi.<\/p>\n<p>Bo\u011fazi\u00e7i \u00dcniversitesi \u0130klim De\u011fi\u015fikli\u011fi ve Politikalar\u0131 Uygulama ve Ara\u015ft\u0131rma Merkezi Y\u00f6netim Kurulu \u00dcyesi Prof. Dr. Murat T\u00fcrkiye&#x27;de sonbahar ve k\u0131\u015f ya\u011f\u0131\u015flar\u0131n\u0131n son y\u0131llarda giderek azald\u0131\u011f\u0131n\u0131 belirtti. Prof. Dr. T\u00fcrke\u015f, &quot;S\u0131cakl\u0131klar\u0131n ve buharla\u015fman\u0131n artmas\u0131, ya\u011f\u0131\u015f rejiminin de\u011fi\u015fmesi, s\u0131cakl\u0131kla birlikte kurakla\u015fman\u0131n artmas\u0131 sonucunda 2040 sonras\u0131 orta ve \u00e7ok k\u00f6t\u00fcmser iklim senaryolar\u0131na g\u00f6re bug\u00fcn T\u00fcrkiye&#x27;de bulunmayan tam kurak iklim ko\u015fullar\u0131n\u0131n olu\u015fma olas\u0131l\u0131\u011f\u0131 var. Bu iklimin T\u00fcrkiye&#x27;de co\u011frafi olarak kurakla\u015fmas\u0131, kurak ve \u00e7\u00f6l iklimi benzeri&#8230;<\/p>\n","protected":false},"excerpt":{"rendered":"<p>Bo\u011fazi\u00e7i \u00dcniversitesi\u2019nden Prof. Dr. Murat T\u00fcrke\u015f, bu y\u0131l kuvvetli bir El Nino olas\u0131l\u0131\u011f\u0131na dikkati \u00e7ekip, \u00d6zellikle karasal i\u00e7 b\u00f6lgelerde, \u0130\u00e7 Anadolu&#8217;da,&#8230;<\/p>\n","protected":false},"author":2,"featured_media":31682,"comment_status":"open","ping_status":"open","sticky":false,"template":"","format":"standard","meta":{"footnotes":""},"categories":[6,5],"tags":[],"class_list":["post-31683","post","type-post","status-publish","format-standard","has-post-thumbnail","hentry","category-gundem","category-son-dakika"],"_links":{"self":[{"href":"https:\/\/eskigazeteci.com\/index.php?rest_route=\/wp\/v2\/posts\/31683","targetHints":{"allow":["GET"]}}],"collection":[{"href":"https:\/\/eskigazeteci.com\/index.php?rest_route=\/wp\/v2\/posts"}],"about":[{"href":"https:\/\/eskigazeteci.com\/index.php?rest_route=\/wp\/v2\/types\/post"}],"author":[{"embeddable":true,"href":"https:\/\/eskigazeteci.com\/index.php?rest_route=\/wp\/v2\/users\/2"}],"replies":[{"embeddable":true,"href":"https:\/\/eskigazeteci.com\/index.php?rest_route=%2Fwp%2Fv2%2Fcomments&post=31683"}],"version-history":[{"count":0,"href":"https:\/\/eskigazeteci.com\/index.php?rest_route=\/wp\/v2\/posts\/31683\/revisions"}],"wp:featuredmedia":[{"embeddable":true,"href":"https:\/\/eskigazeteci.com\/index.php?rest_route=\/wp\/v2\/media\/31682"}],"wp:attachment":[{"href":"https:\/\/eskigazeteci.com\/index.php?rest_route=%2Fwp%2Fv2%2Fmedia&parent=31683"}],"wp:term":[{"taxonomy":"category","embeddable":true,"href":"https:\/\/eskigazeteci.com\/index.php?rest_route=%2Fwp%2Fv2%2Fcategories&post=31683"},{"taxonomy":"post_tag","embeddable":true,"href":"https:\/\/eskigazeteci.com\/index.php?rest_route=%2Fwp%2Fv2%2Ftags&post=31683"}],"curies":[{"name":"wp","href":"https:\/\/api.w.org\/{rel}","templated":true}]}}