{"id":31681,"date":"2026-05-02T07:56:47","date_gmt":"2026-05-02T07:56:47","guid":{"rendered":"https:\/\/eskigazeteci.com\/?p=31681"},"modified":"2026-05-02T07:56:47","modified_gmt":"2026-05-02T07:56:47","slug":"trabzonspor-17","status":"publish","type":"post","link":"https:\/\/eskigazeteci.com\/?p=31681","title":{"rendered":"Trabzonspor"},"content":{"rendered":"<p>Trabzonspor, Trendyol S\u00fcper Lig&#x27;in 32. haftas\u0131nda bug\u00fcn G\u00f6ztepe&#x27;yi konuk ediyor. S\u00fcper Lig heyecan\u0131nda haftan\u0131n sonucu en \u00e7ok merak edilen ma\u00e7lar\u0131ndan biri olan Trabzonspor &#8211; G\u00f6ztepe kar\u015f\u0131la\u015fmas\u0131, Papara Park\u2019\u0131n b\u00fcy\u00fcleyici atmosferinde futbolseverleri bir kez daha bir araya getirecek. Ligin \u00fcst s\u0131ralar\u0131ndaki yerini sa\u011flamla\u015ft\u0131rmak isteyen Karadeniz ekibi ile k\u00fcme d\u00fc\u015fme hatt\u0131ndan tamamen uzakla\u015f\u0131p \u00fcst s\u0131ralar\u0131 hedefleyen \u0130zmir temsilcisinin taktiksel sava\u015f\u0131na sahne olacak bu 90 dakika, her iki tak\u0131m i\u00e7in de sezonun kaderini belirleyecek bir nitelik ta\u015f\u0131yor. Peki, Trabzonspor &#8211; G\u00f6ztepe ma\u00e7\u0131 ne zaman, hangi kanalda, saat ka\u00e7ta?<\/p>\n<p>Trendyol S\u00fcper Lig\u2019in 32. haftas\u0131nda futbol tutkunlar\u0131n\u0131 ekran ba\u015f\u0131na kilitleyecek olan Trabzonspor &#8211; G\u00f6ztepe kar\u015f\u0131la\u015fmas\u0131, 2 May\u0131s 2026 Cumartesi g\u00fcn\u00fc oynanacak. Hakem Ozan Erg\u00fcn\u2019\u00fcn d\u00fcd\u00fck \u00e7alaca\u011f\u0131 bu kritik m\u00fccadele, saat 20:00\u2019de ba\u015flayacak. Trabzonspor \u2013 G\u00f6ztepe ma\u00e7\u0131 beIN Sports 3 kanal\u0131ndan canl\u0131 olarak yay\u0131nlanacak.<\/p>\n<p>T\u00fcrkiye&#x27;den ve D\u00fcnya\u2019dan son dakika haberleri, k\u00f6\u015fe yaz\u0131lar\u0131, magazinden siyasete, spordan seyahate b\u00fct\u00fcn konular\u0131n tek adresi Hurriyet.com.tr haber i\u00e7erikleri izin al\u0131nmadan, kaynak g\u00f6sterilerek dahi iktibas edilemez. Kanuna ayk\u0131r\u0131 ve&#8230;<\/p>\n","protected":false},"excerpt":{"rendered":"<p>Trendyol S\u00fcper Lig\u2019in 32. haftas\u0131nda \u015fampiyonluk yar\u0131\u015f\u0131 ve Avrupa kupalar\u0131 m\u00fccadelesi t\u00fcm h\u0131z\u0131yla devam ederken, Karadeniz devi Trabzonspor kendi sahas\u0131nda&#8230;<\/p>\n","protected":false},"author":2,"featured_media":31680,"comment_status":"open","ping_status":"open","sticky":false,"template":"","format":"standard","meta":{"footnotes":""},"categories":[5,7],"tags":[],"class_list":["post-31681","post","type-post","status-publish","format-standard","has-post-thumbnail","hentry","category-son-dakika","category-spor"],"_links":{"self":[{"href":"https:\/\/eskigazeteci.com\/index.php?rest_route=\/wp\/v2\/posts\/31681","targetHints":{"allow":["GET"]}}],"collection":[{"href":"https:\/\/eskigazeteci.com\/index.php?rest_route=\/wp\/v2\/posts"}],"about":[{"href":"https:\/\/eskigazeteci.com\/index.php?rest_route=\/wp\/v2\/types\/post"}],"author":[{"embeddable":true,"href":"https:\/\/eskigazeteci.com\/index.php?rest_route=\/wp\/v2\/users\/2"}],"replies":[{"embeddable":true,"href":"https:\/\/eskigazeteci.com\/index.php?rest_route=%2Fwp%2Fv2%2Fcomments&post=31681"}],"version-history":[{"count":0,"href":"https:\/\/eskigazeteci.com\/index.php?rest_route=\/wp\/v2\/posts\/31681\/revisions"}],"wp:featuredmedia":[{"embeddable":true,"href":"https:\/\/eskigazeteci.com\/index.php?rest_route=\/wp\/v2\/media\/31680"}],"wp:attachment":[{"href":"https:\/\/eskigazeteci.com\/index.php?rest_route=%2Fwp%2Fv2%2Fmedia&parent=31681"}],"wp:term":[{"taxonomy":"category","embeddable":true,"href":"https:\/\/eskigazeteci.com\/index.php?rest_route=%2Fwp%2Fv2%2Fcategories&post=31681"},{"taxonomy":"post_tag","embeddable":true,"href":"https:\/\/eskigazeteci.com\/index.php?rest_route=%2Fwp%2Fv2%2Ftags&post=31681"}],"curies":[{"name":"wp","href":"https:\/\/api.w.org\/{rel}","templated":true}]}}