{"id":31679,"date":"2026-05-02T07:46:56","date_gmt":"2026-05-02T07:46:56","guid":{"rendered":"https:\/\/eskigazeteci.com\/?p=31679"},"modified":"2026-05-02T07:46:56","modified_gmt":"2026-05-02T07:46:56","slug":"ergin-atamanli-panathinaikosa-sok-ceza","status":"publish","type":"post","link":"https:\/\/eskigazeteci.com\/?p=31679","title":{"rendered":"Ergin Ataman&#8217;l\u0131 Panathinaikos&#8217;a \u015fok ceza!"},"content":{"rendered":"<p>EuroLeague\u2019de Panathinaikos Ba\u015fkan\u0131 Dimitris Giannakopoulos, Valencia ma\u00e7\u0131ndaki sert itirazlar\u0131 sonras\u0131 disiplin soru\u015fturmas\u0131na u\u011frad\u0131. EuroLeague, Giannakopoulos\u2019a 3 ma\u00e7l\u0131k salona giri\u015f yasa\u011f\u0131 ve 10 bin euro para cezas\u0131 verdi.<\/p>\n<p>\u2618\ufe0f \u039f \u0394\u03b7\u03bc\u03ae\u03c4\u03c1\u03b7\u03c2 \u0393\u03b9\u03b1\u03bd\u03bd\u03b1\u03ba\u03cc\u03c0\u03bf\u03c5\u03bb\u03bf\u03c2 \u03c0\u03ae\u03b3\u03b5 \u03bd\u03b1 \u03b4\u03b9\u03b1\u03bc\u03b1\u03c1\u03c4\u03c5\u03b8\u03b5\u03af \u03c3\u03c4\u03b7 \u03b3\u03c1\u03b1\u03bc\u03bc\u03b1\u03c4\u03b5\u03af\u03b1, \u03bc\u03b5\u03c1\u03b9\u03ba\u03ac \u03b4\u03b5\u03c5\u03c4\u03b5\u03c1\u03cc\u03bb\u03b5\u03c0\u03c4\u03b1 \u03c0\u03c1\u03b9\u03bd \u03b1\u03c0\u03cc \u03c4\u03bf \u03b5\u03c0\u03b9\u03ba\u03cc \u03c6\u03b9\u03bd\u03ac\u03bb\u03b5 \u03c4\u03bf\u03c5 \u0392\u03b1\u03bb\u03ad\u03bd\u03b8\u03b9\u03b1 &#8211; \u03a0\u03b1\u03bd\u03b1\u03b8\u03b7\u03bd\u03b1\u03ca\u03ba\u03cc\u03c2 AKTOR. pic.twitter.com\/k5Vnzb9fgk<\/p>\n<p>Panathinaikos Ba\u015fkan\u0131 Dimitris Giannakopoulos , hakem masas\u0131na do\u011fru y\u00fcr\u00fcy\u00fcp hakemlere baz\u0131 ifadelerde bulunmu\u015f ve bunun sonucunda gerginlik \u00e7\u0131km\u0131\u015ft\u0131.<\/p>\n<p>Ergin Ataman kar\u015f\u0131la\u015fma sonras\u0131 konu ile ilgili \u015fu a\u00e7\u0131klamalarda bulundu:<\/p>\n<p>&quot;Bunu daha \u00f6nce EuroLeague TV&#x27;de de s\u00f6ylemi\u015ftim, \u015fimdi ise k\u0131sa kesece\u011fim \u00e7\u00fcnk\u00fc \u015fu anda personelimizden baz\u0131lar\u0131n\u0131 ve ba\u015fkan\u0131m\u0131z Giannakopoulos&#x27;u tutuklamak isteyen on polis var. Otuz y\u0131ld\u0131r bu sporun i\u00e7indeyim ve daha \u00f6nce b\u00f6yle bir \u015fey g\u00f6rmedim. Son saniyede kazand\u0131k, herkes mutlu ve bizim keyfimizi ka\u00e7\u0131rmak i\u00e7in soyunma odam\u0131za on polis soktular ve \u015fimdi de ba\u015fkan\u0131m\u0131z\u0131, genel m\u00fcd\u00fcr\u00fcm\u00fcz\u00fc tutuklamaya \u00e7al\u0131\u015f\u0131yorlar\u2026 Bu ne b\u00f6yle? Atina&#x27;da g\u00f6r\u00fc\u015f\u00fcr\u00fcz.&quot;<\/p>\n<p>Panathinaikos \u2019un seriyi 3-0 kazanmas\u0131 halinde Giannakopoulos\u2019un OAKA\u2019da d\u00fczenlenecek organizasyonu yerinde&#8230;<\/p>\n","protected":false},"excerpt":{"rendered":"<p>EuroLeague Disiplin Kurulu, Panathinaikos Ba\u015fkan\u0131 Dimitris Giannakopoulos&#8217;a 3 ma\u00e7l\u0131k salona giri\u015f yasa\u011f\u0131 ve 10 bin euro para cezas\u0131 verdi.<\/p>\n","protected":false},"author":2,"featured_media":31678,"comment_status":"open","ping_status":"open","sticky":false,"template":"","format":"standard","meta":{"footnotes":""},"categories":[5,7],"tags":[],"class_list":["post-31679","post","type-post","status-publish","format-standard","has-post-thumbnail","hentry","category-son-dakika","category-spor"],"_links":{"self":[{"href":"https:\/\/eskigazeteci.com\/index.php?rest_route=\/wp\/v2\/posts\/31679","targetHints":{"allow":["GET"]}}],"collection":[{"href":"https:\/\/eskigazeteci.com\/index.php?rest_route=\/wp\/v2\/posts"}],"about":[{"href":"https:\/\/eskigazeteci.com\/index.php?rest_route=\/wp\/v2\/types\/post"}],"author":[{"embeddable":true,"href":"https:\/\/eskigazeteci.com\/index.php?rest_route=\/wp\/v2\/users\/2"}],"replies":[{"embeddable":true,"href":"https:\/\/eskigazeteci.com\/index.php?rest_route=%2Fwp%2Fv2%2Fcomments&post=31679"}],"version-history":[{"count":0,"href":"https:\/\/eskigazeteci.com\/index.php?rest_route=\/wp\/v2\/posts\/31679\/revisions"}],"wp:featuredmedia":[{"embeddable":true,"href":"https:\/\/eskigazeteci.com\/index.php?rest_route=\/wp\/v2\/media\/31678"}],"wp:attachment":[{"href":"https:\/\/eskigazeteci.com\/index.php?rest_route=%2Fwp%2Fv2%2Fmedia&parent=31679"}],"wp:term":[{"taxonomy":"category","embeddable":true,"href":"https:\/\/eskigazeteci.com\/index.php?rest_route=%2Fwp%2Fv2%2Fcategories&post=31679"},{"taxonomy":"post_tag","embeddable":true,"href":"https:\/\/eskigazeteci.com\/index.php?rest_route=%2Fwp%2Fv2%2Ftags&post=31679"}],"curies":[{"name":"wp","href":"https:\/\/api.w.org\/{rel}","templated":true}]}}