{"id":31677,"date":"2026-05-02T07:38:20","date_gmt":"2026-05-02T07:38:20","guid":{"rendered":"https:\/\/eskigazeteci.com\/?p=31677"},"modified":"2026-05-02T07:38:20","modified_gmt":"2026-05-02T07:38:20","slug":"kis-geri-geldi-hava-10-derece-birden-soguyacak","status":"publish","type":"post","link":"https:\/\/eskigazeteci.com\/?p=31677","title":{"rendered":"K\u0131\u015f geri geldi: Hava 10 derece birden so\u011fuyacak"},"content":{"rendered":"<p>Hafta sonu yurt genelinde so\u011fuk ve ya\u011f\u0131\u015fl\u0131 hava hakim olacak. Hava s\u0131cakl\u0131klar\u0131n\u0131n \u00c7ar\u015famba g\u00fcn\u00fcne kadar mevsim normallerinin alt\u0131nda seyretmeye devam edece\u011fi \u00f6ng\u00f6r\u00fcl\u00fcyor. \u00d6zellikle yurdun bat\u0131 kesimlerinde hissedilir derecede (6-10 derece) azalmas\u0131 bekleniyor. G\u00f6k g\u00fcr\u00fclt\u00fcl\u00fc kuvvetli sa\u011fanak ya\u011f\u0131\u015flar\u0131n \u00f6\u011fle saatlerinden itibaren etkili olmas\u0131 \u00f6ng\u00f6r\u00fcl\u00fcyor.<\/p>\n<p>Meteoroloji Genel M\u00fcd\u00fcrl\u00fc\u011f\u00fc taraf\u0131ndan yap\u0131lan son de\u011ferlendirmelere g\u00f6re: Yurt genelinin par\u00e7al\u0131 ve \u00e7ok bulutlu, Marmara, \u0130\u00e7 Ege, Akdeniz, \u0130\u00e7 Anadolu, Karadeniz, Do\u011fu Anadolu, G\u00fcneydo\u011fu Anadolu&#x27;nun kuzey ve do\u011fusu ile \u015eanl\u0131urfa&#x27;n\u0131n do\u011fusunun ya\u011f\u0131\u015fl\u0131 ge\u00e7ece\u011fi tahmin ediliyor. Genellikle ya\u011fmur ve sa\u011fanak, g\u00fcney ve i\u00e7 kesimlerde g\u00f6k g\u00fcr\u00fclt\u00fcl\u00fc sa\u011fanak, Bat\u0131 ve Orta Karadeniz&#x27;in i\u00e7 kesimlerinin y\u00fcksekleri, \u0130\u00e7 Anadolu&#x27;nun kuzeyi ve Kuzey Ege&#x27;nin y\u00fckseklerinde karla kar\u0131\u015f\u0131k ya\u011fmur ve kar \u015feklinde olmas\u0131 beklenen ya\u011f\u0131\u015flar\u0131n, \u0130\u00e7 Anadolu&#x27;nun do\u011fusu, Do\u011fu Akdeniz&#x27;in i\u00e7 kesimleri, Burdur&#x27;un do\u011fusu, Antalya&#x27;n\u0131n i\u00e7 kesimleri, Isparta, Ordu, Tokat, Tunceli, Bing\u00f6l, Mu\u015f, Bitlis, Siirt, Batman \u00e7evreleri ile Konya&#x27;n\u0131n bat\u0131s\u0131, Samsun&#x27;un do\u011fusu ve Diyarbak\u0131r&#x27;\u0131n kuzey ve do\u011fusunda yerel kuvvetli olaca\u011f\u0131 tahmin ediliyor.<\/p>\n<p>\u00d6te yandan Antalya,&#8230;<\/p>\n","protected":false},"excerpt":{"rendered":"<p>Hafta sonundan itibaren T\u00fcrkiye genelinde hava s\u0131cakl\u0131klar\u0131n\u0131n hissedilir derecede azalaca\u011f\u0131 a\u00e7\u0131kland\u0131. Yap\u0131lan son tahminlere g\u00f6re, s\u0131cakl\u0131klar\u0131n mevsim&#8230;<\/p>\n","protected":false},"author":2,"featured_media":31676,"comment_status":"open","ping_status":"open","sticky":false,"template":"","format":"standard","meta":{"footnotes":""},"categories":[6,5],"tags":[],"class_list":["post-31677","post","type-post","status-publish","format-standard","has-post-thumbnail","hentry","category-gundem","category-son-dakika"],"_links":{"self":[{"href":"https:\/\/eskigazeteci.com\/index.php?rest_route=\/wp\/v2\/posts\/31677","targetHints":{"allow":["GET"]}}],"collection":[{"href":"https:\/\/eskigazeteci.com\/index.php?rest_route=\/wp\/v2\/posts"}],"about":[{"href":"https:\/\/eskigazeteci.com\/index.php?rest_route=\/wp\/v2\/types\/post"}],"author":[{"embeddable":true,"href":"https:\/\/eskigazeteci.com\/index.php?rest_route=\/wp\/v2\/users\/2"}],"replies":[{"embeddable":true,"href":"https:\/\/eskigazeteci.com\/index.php?rest_route=%2Fwp%2Fv2%2Fcomments&post=31677"}],"version-history":[{"count":0,"href":"https:\/\/eskigazeteci.com\/index.php?rest_route=\/wp\/v2\/posts\/31677\/revisions"}],"wp:featuredmedia":[{"embeddable":true,"href":"https:\/\/eskigazeteci.com\/index.php?rest_route=\/wp\/v2\/media\/31676"}],"wp:attachment":[{"href":"https:\/\/eskigazeteci.com\/index.php?rest_route=%2Fwp%2Fv2%2Fmedia&parent=31677"}],"wp:term":[{"taxonomy":"category","embeddable":true,"href":"https:\/\/eskigazeteci.com\/index.php?rest_route=%2Fwp%2Fv2%2Fcategories&post=31677"},{"taxonomy":"post_tag","embeddable":true,"href":"https:\/\/eskigazeteci.com\/index.php?rest_route=%2Fwp%2Fv2%2Ftags&post=31677"}],"curies":[{"name":"wp","href":"https:\/\/api.w.org\/{rel}","templated":true}]}}