{"id":31675,"date":"2026-05-02T07:36:46","date_gmt":"2026-05-02T07:36:46","guid":{"rendered":"https:\/\/eskigazeteci.com\/?p=31675"},"modified":"2026-05-02T07:36:46","modified_gmt":"2026-05-02T07:36:46","slug":"samsunspor-12","status":"publish","type":"post","link":"https:\/\/eskigazeteci.com\/?p=31675","title":{"rendered":"Samsunspor"},"content":{"rendered":"<p>Samsunspor &#8211; Galatasaray ma\u00e7\u0131 S\u00fcper Lig\u2019de zirve yar\u0131\u015f\u0131n\u0131 ve k\u00fcme hatt\u0131n\u0131 yak\u0131ndan ilgilendiren kritik m\u00fccadelelerden biri olacak. Galatasaray, ligde oynad\u0131\u011f\u0131 31 ma\u00e7ta toplad\u0131\u011f\u0131 74 puanla liderli\u011fini s\u00fcrd\u00fcr\u00fcrken, Samsunspor 45 puanla orta s\u0131ralarda yer al\u0131yor. \u0130ki tak\u0131m aras\u0131nda oynanan son kar\u015f\u0131la\u015fmalarda sar\u0131-k\u0131rm\u0131z\u0131l\u0131lar\u0131n b\u00fcy\u00fck \u00fcst\u00fcnl\u00fc\u011f\u00fc bulunurken, Galatasaray son dokuz lig ma\u00e7\u0131n\u0131 da kazanarak dikkat \u00e7ekici bir seri yakalad\u0131.<\/p>\n<p>SAMSUNSPOR &#8211; GALATASARAY MA\u00c7I NE ZAMAN SAAT KA\u00c7TA, HANG\u0130 KANALDA? S\u00fcper Lig 32. hafta m\u00fccadelesi kapsam\u0131nda Samsunspor &#8211; Galatasaray kar\u015f\u0131 kar\u015f\u0131ya gelecek. M\u00fccadele 2 May\u0131s Cumartesi g\u00fcn\u00fc saat 20.00\u2019da Bein Sports 1 ekranlar\u0131nda olacak.<\/p>\n<p>SAMSUNSPOR &#8211; GALATASARAY MA\u00c7 \u00d6NCES\u0130 \u0130STAT\u0130ST\u0130KLER\u0130<\/p>\n<p>Galatasaray, S\u00fcper Lig tarihinde Samsunspor kar\u015f\u0131s\u0131nda kurdu\u011fu \u00fcst\u00fcnl\u00fckle \u00f6ne \u00e7\u0131k\u0131yor. Sar\u0131-k\u0131rm\u0131z\u0131l\u0131 ekip, rakibiyle oynad\u0131\u011f\u0131 son dokuz lig ma\u00e7\u0131n\u0131 kazan\u0131rken bu kar\u015f\u0131la\u015fmalar\u0131n tamam\u0131nda en az iki gol atmay\u0131 ba\u015fard\u0131. Bu seri, Galatasaray\u2019\u0131n lig tarihindeki en uzun galibiyet serilerinden biri olarak dikkat \u00e7ekiyor.<\/p>\n<p>Samsunspor cephesinde ise i\u00e7 saha performans\u0131 dalgal\u0131 bir grafik \u00e7iziyor. Karadeniz temsilcisi, evinde oynad\u0131\u011f\u0131 son 10 ma\u00e7ta \u00fcst \u00fcste ayn\u0131 sonucu&#8230;<\/p>\n","protected":false},"excerpt":{"rendered":"<p>Samsunspor &#8211; Galatasaray ma\u00e7\u0131 ile S\u00fcper Lig 32. hafta kar\u015f\u0131la\u015fmas\u0131 futbolseverlerle bulu\u015facak. \u0130ki ekip aras\u0131nda oynanan son ma\u00e7larda Galatasaray\u2019\u0131n&#8230;<\/p>\n","protected":false},"author":2,"featured_media":31674,"comment_status":"open","ping_status":"open","sticky":false,"template":"","format":"standard","meta":{"footnotes":""},"categories":[5,7],"tags":[],"class_list":["post-31675","post","type-post","status-publish","format-standard","has-post-thumbnail","hentry","category-son-dakika","category-spor"],"_links":{"self":[{"href":"https:\/\/eskigazeteci.com\/index.php?rest_route=\/wp\/v2\/posts\/31675","targetHints":{"allow":["GET"]}}],"collection":[{"href":"https:\/\/eskigazeteci.com\/index.php?rest_route=\/wp\/v2\/posts"}],"about":[{"href":"https:\/\/eskigazeteci.com\/index.php?rest_route=\/wp\/v2\/types\/post"}],"author":[{"embeddable":true,"href":"https:\/\/eskigazeteci.com\/index.php?rest_route=\/wp\/v2\/users\/2"}],"replies":[{"embeddable":true,"href":"https:\/\/eskigazeteci.com\/index.php?rest_route=%2Fwp%2Fv2%2Fcomments&post=31675"}],"version-history":[{"count":0,"href":"https:\/\/eskigazeteci.com\/index.php?rest_route=\/wp\/v2\/posts\/31675\/revisions"}],"wp:featuredmedia":[{"embeddable":true,"href":"https:\/\/eskigazeteci.com\/index.php?rest_route=\/wp\/v2\/media\/31674"}],"wp:attachment":[{"href":"https:\/\/eskigazeteci.com\/index.php?rest_route=%2Fwp%2Fv2%2Fmedia&parent=31675"}],"wp:term":[{"taxonomy":"category","embeddable":true,"href":"https:\/\/eskigazeteci.com\/index.php?rest_route=%2Fwp%2Fv2%2Fcategories&post=31675"},{"taxonomy":"post_tag","embeddable":true,"href":"https:\/\/eskigazeteci.com\/index.php?rest_route=%2Fwp%2Fv2%2Ftags&post=31675"}],"curies":[{"name":"wp","href":"https:\/\/api.w.org\/{rel}","templated":true}]}}