{"id":31669,"date":"2026-05-02T07:28:19","date_gmt":"2026-05-02T07:28:19","guid":{"rendered":"https:\/\/eskigazeteci.com\/?p=31669"},"modified":"2026-05-02T07:28:19","modified_gmt":"2026-05-02T07:28:19","slug":"fenerbahce-33","status":"publish","type":"post","link":"https:\/\/eskigazeteci.com\/?p=31669","title":{"rendered":"Fenerbah\u00e7e"},"content":{"rendered":"<p>Trendyol S\u00fcper Lig\u2019in 32. haftas\u0131nda futbolseverleri ekran ba\u015f\u0131na kilitleyecek olan Fenerbah\u00e7e &#8211; RAMS Ba\u015fak\u015fehir kar\u015f\u0131la\u015fmas\u0131 bug\u00fcn oynanacak. Son olarak Galatasaray &#x27;a deplasmanda 3-0 yenilerek bitime 3 hafta kala zirvenin 7 puan gerisinde kalan Fenerbah\u00e7e&#x27;de hedef ligi 2. S\u0131rada tamamlayarak UEFA \u015eampiyonlar Ligi\u2019ne gidebilmek. Uzun s\u00fcreli sakatl\u0131\u011f\u0131n\u0131n ard\u0131ndan tak\u0131mla \u00e7al\u0131\u015fmalara ba\u015flayan Edson Alvarez, bug\u00fcnk\u00fc ma\u00e7ta forma giyemeyecek. Galatasaray deplasman\u0131nda k\u0131rm\u0131z\u0131 kart g\u00f6ren, Profesyonel Futbol Disiplin Kurulu taraf\u0131ndan da ayr\u0131ca 3 ma\u00e7 ceza verilen kaleci Ederson&#x27;un yan\u0131 s\u0131ra sar\u0131 kart cezalar\u0131 bulunan Matteo Guendouzi, Mert M\u00fcld\u00fcr ve Archie Brown da tak\u0131mlar\u0131n\u0131 yaln\u0131z b\u0131rakacak. Peki, Fenerbah\u00e7e &#8211; Ba\u015fak\u015fehir ma\u00e7\u0131 ne zaman, hangi kanalda, saat ka\u00e7ta? Trendyol S\u00fcper Lig 32. hafta m\u00fccadelesi!<\/p>\n<p>S\u00fcper Lig\u2019in 32. haftas\u0131na damga vuracak olan Fenerbah\u00e7e &#8211; RAMS Ba\u015fak\u015fehir kar\u015f\u0131la\u015fmas\u0131, bug\u00fcn yani 2 May\u0131s 2026 Cumartesi g\u00fcn\u00fc oynanacak. Hakem O\u011fuzhan Aksu\u2019nun y\u00f6netece\u011fi ve t\u00fcm T\u00fcrkiye\u2019nin sonucunu bekledi\u011fi bu \u00f6nemli m\u00fcsabaka, ak\u015fam saat 20:00 itibar\u0131yla ba\u015flayacak. Fenerbah\u00e7e ile Ba\u015fak\u015fehir aras\u0131ndaki bu zorlu m\u00fccadele, Trendyol S\u00fcper Lig\u2019in resmi yay\u0131n haklar\u0131n\u0131 elinde&#8230;<\/p>\n","protected":false},"excerpt":{"rendered":"<p>Fenerbah\u00e7e, Trendyol S\u00fcper Lig&#8217;in 32. haftas\u0131nda bug\u00fcn RAMS Ba\u015fak\u015fehir&#8217;i konuk edecek. \u015eampiyonluk yar\u0131\u015f\u0131 ve Avrupa kupalar\u0131na kat\u0131l\u0131m hedefi do\u011frultusunda&#8230;<\/p>\n","protected":false},"author":2,"featured_media":31668,"comment_status":"open","ping_status":"open","sticky":false,"template":"","format":"standard","meta":{"footnotes":""},"categories":[5,7],"tags":[],"class_list":["post-31669","post","type-post","status-publish","format-standard","has-post-thumbnail","hentry","category-son-dakika","category-spor"],"_links":{"self":[{"href":"https:\/\/eskigazeteci.com\/index.php?rest_route=\/wp\/v2\/posts\/31669","targetHints":{"allow":["GET"]}}],"collection":[{"href":"https:\/\/eskigazeteci.com\/index.php?rest_route=\/wp\/v2\/posts"}],"about":[{"href":"https:\/\/eskigazeteci.com\/index.php?rest_route=\/wp\/v2\/types\/post"}],"author":[{"embeddable":true,"href":"https:\/\/eskigazeteci.com\/index.php?rest_route=\/wp\/v2\/users\/2"}],"replies":[{"embeddable":true,"href":"https:\/\/eskigazeteci.com\/index.php?rest_route=%2Fwp%2Fv2%2Fcomments&post=31669"}],"version-history":[{"count":0,"href":"https:\/\/eskigazeteci.com\/index.php?rest_route=\/wp\/v2\/posts\/31669\/revisions"}],"wp:featuredmedia":[{"embeddable":true,"href":"https:\/\/eskigazeteci.com\/index.php?rest_route=\/wp\/v2\/media\/31668"}],"wp:attachment":[{"href":"https:\/\/eskigazeteci.com\/index.php?rest_route=%2Fwp%2Fv2%2Fmedia&parent=31669"}],"wp:term":[{"taxonomy":"category","embeddable":true,"href":"https:\/\/eskigazeteci.com\/index.php?rest_route=%2Fwp%2Fv2%2Fcategories&post=31669"},{"taxonomy":"post_tag","embeddable":true,"href":"https:\/\/eskigazeteci.com\/index.php?rest_route=%2Fwp%2Fv2%2Ftags&post=31669"}],"curies":[{"name":"wp","href":"https:\/\/api.w.org\/{rel}","templated":true}]}}