{"id":31667,"date":"2026-05-02T07:26:48","date_gmt":"2026-05-02T07:26:48","guid":{"rendered":"https:\/\/eskigazeteci.com\/?p=31667"},"modified":"2026-05-02T07:26:48","modified_gmt":"2026-05-02T07:26:48","slug":"eylul-tumbardan-tartisma-yaratacak-sozler-iki-taraf-da-fakirse-zor","status":"publish","type":"post","link":"https:\/\/eskigazeteci.com\/?p=31667","title":{"rendered":"Eyl\u00fcl Tumbar&#8217;dan tart\u0131\u015fma yaratacak s\u00f6zler: \u0130ki taraf da fakirse zor"},"content":{"rendered":"<p>EYL\u00dcL Tumbar, Adil Y\u0131ld\u0131r\u0131m\u2019\u0131n YouTube program\u0131na kat\u0131ld\u0131. Kendisi gibi oyuncu olan Enes Ko\u00e7ak\u2019la mutlu bir beraberli\u011fi olan Tumbar, sosyal medyada birlikte \u00e7ok payla\u015f\u0131m yapmamaya dikkat ettiklerini s\u00f6yledi:<\/p>\n<p>\u201c\u0130kimiz de oyuncuyuz. Payla\u015f\u0131mlar\u0131m\u0131za menajerler kar\u0131\u015f\u0131yor. Bana da payla\u015f\u0131m yapmak sa\u011fl\u0131kl\u0131 de\u011fil gibi geliyor. Bu arada biz ne zaman bir \u015fey payla\u015fsak kavga ederiz. Bence nazar enerjisi var.\u201d Ko\u00e7ak\u2019ta kendisi en \u00e7ok etkileyen \u015feyi de a\u00e7\u0131klayan oyuncu \u201cKendine g\u00f6sterdi\u011fi de\u011fer diyebilirim. B\u00f6yle yapt\u0131\u011f\u0131 i\u00e7in daha \u00e7ekici oluyor benim g\u00f6z\u00fcmde\u201d diye konu\u015ftu. SETTEN EVE SU G\u00d6T\u00dcRD\u00dc\u011e\u00dcM D\u00d6NEM OLDU Eyl\u00fcl Tumbar, program\u0131n c\u00fcmle tamamlama k\u0131sm\u0131nda verdi\u011fi cevapla \u015fa\u015f\u0131rtt\u0131. Tumbar \u201cParas\u0131z bir ili\u015fki\u201d ile ba\u015flayan c\u00fcmleyi \u201cYoktur, benim i\u00e7in yoktur\u201d diye tamamlad\u0131.<\/p>\n<p>Oyuncu, Adil Y\u0131ld\u0131r\u0131m \u2019\u0131n \u201cParas\u0131z bir ili\u015fkinin i\u00e7inde olur musunuz\u201d diye sormas\u0131 \u00fczerine \u015funlar\u0131 s\u00f6yledi:<\/p>\n<p>\u201cBenim anlatmak istedi\u011fim para yoksa ili\u015fki yoktur. Yani iki taraf da fakirse ili\u015fki olmaz. Ama benim ya da kar\u015f\u0131 taraf\u0131n paras\u0131 varsa s\u0131k\u0131nt\u0131 de\u011fil. Benim param varsa, kar\u015f\u0131 tarafla enerjim tutuyorsa problem etmem. Benim de fakir oldu\u011fum d\u00f6nem oldu, ultra zengin de\u011filim. Setten eve su g\u00f6t\u00fcrd\u00fc\u011f\u00fcm\u00fc biliyorum&#8230;.<\/p>\n","protected":false},"excerpt":{"rendered":"<p>Eyl\u00fcl Tumbar kat\u0131ld\u0131\u011f\u0131 programda paran\u0131n ili\u015fkideki \u00f6nemine dair \u00e7arp\u0131c\u0131 bir a\u00e7\u0131klama yapt\u0131. Gen\u00e7 oyuncu \u201cParas\u0131z bir ili\u015fki benim i\u00e7in yoktur. \u0130ki taraf da&#8230;<\/p>\n","protected":false},"author":2,"featured_media":31666,"comment_status":"open","ping_status":"open","sticky":false,"template":"","format":"standard","meta":{"footnotes":""},"categories":[6,5],"tags":[],"class_list":["post-31667","post","type-post","status-publish","format-standard","has-post-thumbnail","hentry","category-gundem","category-son-dakika"],"_links":{"self":[{"href":"https:\/\/eskigazeteci.com\/index.php?rest_route=\/wp\/v2\/posts\/31667","targetHints":{"allow":["GET"]}}],"collection":[{"href":"https:\/\/eskigazeteci.com\/index.php?rest_route=\/wp\/v2\/posts"}],"about":[{"href":"https:\/\/eskigazeteci.com\/index.php?rest_route=\/wp\/v2\/types\/post"}],"author":[{"embeddable":true,"href":"https:\/\/eskigazeteci.com\/index.php?rest_route=\/wp\/v2\/users\/2"}],"replies":[{"embeddable":true,"href":"https:\/\/eskigazeteci.com\/index.php?rest_route=%2Fwp%2Fv2%2Fcomments&post=31667"}],"version-history":[{"count":0,"href":"https:\/\/eskigazeteci.com\/index.php?rest_route=\/wp\/v2\/posts\/31667\/revisions"}],"wp:featuredmedia":[{"embeddable":true,"href":"https:\/\/eskigazeteci.com\/index.php?rest_route=\/wp\/v2\/media\/31666"}],"wp:attachment":[{"href":"https:\/\/eskigazeteci.com\/index.php?rest_route=%2Fwp%2Fv2%2Fmedia&parent=31667"}],"wp:term":[{"taxonomy":"category","embeddable":true,"href":"https:\/\/eskigazeteci.com\/index.php?rest_route=%2Fwp%2Fv2%2Fcategories&post=31667"},{"taxonomy":"post_tag","embeddable":true,"href":"https:\/\/eskigazeteci.com\/index.php?rest_route=%2Fwp%2Fv2%2Ftags&post=31667"}],"curies":[{"name":"wp","href":"https:\/\/api.w.org\/{rel}","templated":true}]}}