{"id":31665,"date":"2026-05-02T07:16:51","date_gmt":"2026-05-02T07:16:51","guid":{"rendered":"https:\/\/eskigazeteci.com\/?p=31665"},"modified":"2026-05-02T07:16:51","modified_gmt":"2026-05-02T07:16:51","slug":"fenerbahceye-livakovic-piyangosu-italyadan-2-teklif-geldi","status":"publish","type":"post","link":"https:\/\/eskigazeteci.com\/?p=31665","title":{"rendered":"Fenerbah\u00e7e&#8217;ye Livakovic piyangosu! \u0130talya&#8217;dan 2 teklif geldi"},"content":{"rendered":"<p>Fenerbah\u00e7e 2023 yaz\u0131nda b\u00fcy\u00fck umutlarla transfer etti\u011fi Dominik Livakovic&#x27;i, Ederson transferinin ard\u0131ndan bu sezon ba\u015f\u0131nda Girona&#x27;ya kiralam\u0131\u015ft\u0131.<\/p>\n<p>\u0130spanya&#x27;da ge\u00e7irdi\u011fi yar\u0131m sezonda hi\u00e7 forma \u015fans\u0131 bulamayan H\u0131rvat file bek\u00e7isi ara transfer d\u00f6neminde kiral\u0131k s\u00f6zle\u015fmesini feshederek eski tak\u0131m\u0131 Dinamo Zagreb&#x27;in yolunu tutmu\u015ftu.<\/p>\n<p>Dinamo Zagreb&#x27;e transferinin ard\u0131ndan d\u00fczenli olarak ilk 11&#x27;de sahaya \u00e7\u0131kan Livakovic, forma giydi\u011fi 11 ma\u00e7\u0131n 5&#x27;inde kalesini gole kapatmay\u0131 ba\u015fard\u0131 ve kazan\u0131lan \u015fampiyonlukta b\u00fcy\u00fck pay sahibi oldu.<\/p>\n<p>Livakovic, bu performans\u0131yla 2026 D\u00fcnya Kupas\u0131 \u00f6ncesinde H\u0131rvatistan Milli Tak\u0131m\u0131&#x27;ndaki yerini de sa\u011flama alm\u0131\u015f oldu.<\/p>\n<p>TEKL\u0130FLER GELMEYE BA\u015eLADI<\/p>\n<p>H\u0131rvat gazetesi Ve\u010dernji list&#x27;in haberine g\u00f6re; \u0130talya Serie A ekiplerinden Genoa ve Torino , Dominik Livakovic i\u00e7in Fenerbah\u00e7e&#x27;ye 5&#x27;er milyon euroluk teklifte bulundular.<\/p>\n<p>\u0130ki kul\u00fcb\u00fcn ayr\u0131ca H\u0131rvat file bek\u00e7isine de y\u0131ll\u0131k 2 milyon euro civar\u0131nda net maa\u015f \u00f6nerdi\u011fi ve hem Fenerbah\u00e7e hem de oyuncu cephesinden gelecek cevab\u0131 beklemeye koyuldu\u011fu belirtildi.<\/p>\n<p>DINAMO UMUDU KEST\u0130, ALTERNATIF ARAYI\u015eLARINA BA\u015eLADI<\/p>\n<p>Ya\u015fanan bu geli\u015fmelerin ard\u0131ndan Dinamo Zagreb&#x27;in alternatif aray\u0131\u015flar\u0131na h\u0131z verdi\u011fi ve Lokomotiv Zagreb&#8230;<\/p>\n","protected":false},"excerpt":{"rendered":"<p>Dinamo Zagreb&#8217;de kiral\u0131k olarak forma giyen ve bonservisi Fenerbah\u00e7e&#8217;de bulunan H\u0131rvat kaleci Dominik Livakovic i\u00e7in \u0130talya Serie A&#8217;n\u0131n iki k\u00f6kl\u00fc kul\u00fcb\u00fc&#8230;<\/p>\n","protected":false},"author":2,"featured_media":31664,"comment_status":"open","ping_status":"open","sticky":false,"template":"","format":"standard","meta":{"footnotes":""},"categories":[5,7],"tags":[],"class_list":["post-31665","post","type-post","status-publish","format-standard","has-post-thumbnail","hentry","category-son-dakika","category-spor"],"_links":{"self":[{"href":"https:\/\/eskigazeteci.com\/index.php?rest_route=\/wp\/v2\/posts\/31665","targetHints":{"allow":["GET"]}}],"collection":[{"href":"https:\/\/eskigazeteci.com\/index.php?rest_route=\/wp\/v2\/posts"}],"about":[{"href":"https:\/\/eskigazeteci.com\/index.php?rest_route=\/wp\/v2\/types\/post"}],"author":[{"embeddable":true,"href":"https:\/\/eskigazeteci.com\/index.php?rest_route=\/wp\/v2\/users\/2"}],"replies":[{"embeddable":true,"href":"https:\/\/eskigazeteci.com\/index.php?rest_route=%2Fwp%2Fv2%2Fcomments&post=31665"}],"version-history":[{"count":0,"href":"https:\/\/eskigazeteci.com\/index.php?rest_route=\/wp\/v2\/posts\/31665\/revisions"}],"wp:featuredmedia":[{"embeddable":true,"href":"https:\/\/eskigazeteci.com\/index.php?rest_route=\/wp\/v2\/media\/31664"}],"wp:attachment":[{"href":"https:\/\/eskigazeteci.com\/index.php?rest_route=%2Fwp%2Fv2%2Fmedia&parent=31665"}],"wp:term":[{"taxonomy":"category","embeddable":true,"href":"https:\/\/eskigazeteci.com\/index.php?rest_route=%2Fwp%2Fv2%2Fcategories&post=31665"},{"taxonomy":"post_tag","embeddable":true,"href":"https:\/\/eskigazeteci.com\/index.php?rest_route=%2Fwp%2Fv2%2Ftags&post=31665"}],"curies":[{"name":"wp","href":"https:\/\/api.w.org\/{rel}","templated":true}]}}