{"id":31663,"date":"2026-05-02T07:08:21","date_gmt":"2026-05-02T07:08:21","guid":{"rendered":"https:\/\/eskigazeteci.com\/?p=31663"},"modified":"2026-05-02T07:08:21","modified_gmt":"2026-05-02T07:08:21","slug":"istanbul-bogazi-transit-gemi-gecislerine-kapatildi","status":"publish","type":"post","link":"https:\/\/eskigazeteci.com\/?p=31663","title":{"rendered":"\u0130stanbul Bo\u011faz\u0131 transit gemi ge\u00e7i\u015flerine kapat\u0131ld\u0131"},"content":{"rendered":"<p>T\u00fcrkiye Yelken Federasyonu 2026 y\u0131l\u0131 faaliyet program\u0131 kapsam\u0131nda Bah\u00e7e\u015fehir \u00dcniversitesi taraf\u0131ndan d\u00fczenlenen &#x27;Helly Hansen \u2013 Sport Works Bosphorus Race&#x27; yat yar\u0131\u015flar\u0131 nedeniyle \u0130stanbul Bo\u011faz\u0131 transit gemi ge\u00e7i\u015flerine kapat\u0131ld\u0131.<\/p>\n<p>K\u0131y\u0131 Emniyeti Genel M\u00fcd\u00fcrl\u00fc\u011f\u00fc internet sitesindeki verilere g\u00f6re; \u0130stanbul Bo\u011faz\u0131 \u2019n\u0131n 08.40 itibar\u0131yla gemi ge\u00e7i\u015flerine kapat\u0131ld\u0131\u011f\u0131 18.40\u2019da ise a\u00e7\u0131laca\u011f\u0131 belirtildi.<\/p>\n<p>T\u00fcrkiye g\u00fcndeminden son dakika haberleri, bug\u00fcn ya\u015fanan en son geli\u015fmeler, siyaset g\u00fcndeminden g\u00fcncel haberler ve b\u00fct\u00fcn son dakika haberleri i\u00e7in H\u00fcrriyet&#x27;in internet haber sitesi hurriyet.com.tr; Hurriyet.com.tr haber i\u00e7erikleri kaynak g\u00f6sterilmeden al\u0131nt\u0131 yap\u0131lamaz, Kanuna ayk\u0131r\u0131 ve izinsiz olarak kopyalanamaz, ba\u015fka yerde yay\u0131nlanamaz.<\/p>\n","protected":false},"excerpt":{"rendered":"<p>T\u00fcrkiye Yelken Federasyonu taraf\u0131ndan d\u00fczenlenen yat yar\u0131\u015flar\u0131 nedeniyle \u0130stanbul Bo\u011faz\u0131 transit gemi ge\u00e7i\u015flerine kapat\u0131ld\u0131.<\/p>\n","protected":false},"author":2,"featured_media":31662,"comment_status":"open","ping_status":"open","sticky":false,"template":"","format":"standard","meta":{"footnotes":""},"categories":[6,5],"tags":[],"class_list":["post-31663","post","type-post","status-publish","format-standard","has-post-thumbnail","hentry","category-gundem","category-son-dakika"],"_links":{"self":[{"href":"https:\/\/eskigazeteci.com\/index.php?rest_route=\/wp\/v2\/posts\/31663","targetHints":{"allow":["GET"]}}],"collection":[{"href":"https:\/\/eskigazeteci.com\/index.php?rest_route=\/wp\/v2\/posts"}],"about":[{"href":"https:\/\/eskigazeteci.com\/index.php?rest_route=\/wp\/v2\/types\/post"}],"author":[{"embeddable":true,"href":"https:\/\/eskigazeteci.com\/index.php?rest_route=\/wp\/v2\/users\/2"}],"replies":[{"embeddable":true,"href":"https:\/\/eskigazeteci.com\/index.php?rest_route=%2Fwp%2Fv2%2Fcomments&post=31663"}],"version-history":[{"count":0,"href":"https:\/\/eskigazeteci.com\/index.php?rest_route=\/wp\/v2\/posts\/31663\/revisions"}],"wp:featuredmedia":[{"embeddable":true,"href":"https:\/\/eskigazeteci.com\/index.php?rest_route=\/wp\/v2\/media\/31662"}],"wp:attachment":[{"href":"https:\/\/eskigazeteci.com\/index.php?rest_route=%2Fwp%2Fv2%2Fmedia&parent=31663"}],"wp:term":[{"taxonomy":"category","embeddable":true,"href":"https:\/\/eskigazeteci.com\/index.php?rest_route=%2Fwp%2Fv2%2Fcategories&post=31663"},{"taxonomy":"post_tag","embeddable":true,"href":"https:\/\/eskigazeteci.com\/index.php?rest_route=%2Fwp%2Fv2%2Ftags&post=31663"}],"curies":[{"name":"wp","href":"https:\/\/api.w.org\/{rel}","templated":true}]}}