{"id":31659,"date":"2026-05-02T06:56:45","date_gmt":"2026-05-02T06:56:45","guid":{"rendered":"https:\/\/eskigazeteci.com\/?p=31659"},"modified":"2026-05-02T06:56:45","modified_gmt":"2026-05-02T06:56:45","slug":"barcelonada-lewandowski-belirsizligi-suruyor","status":"publish","type":"post","link":"https:\/\/eskigazeteci.com\/?p=31659","title":{"rendered":"Barcelona\u2019da Lewandowski belirsizli\u011fi s\u00fcr\u00fcyor!"},"content":{"rendered":"<p>Marca\u2019n\u0131n haberine g\u00f6re, Barcelona\u2019da yeni sezon planlamas\u0131 s\u00fcrerken Robert Lewandowski\u2019nin gelece\u011fi belirsizli\u011fini koruyor. Kul\u00fcp y\u00f6netimi ve teknik direkt\u00f6r Hansi Flick temkinli bir tutum sergilerken, tecr\u00fcbeli golc\u00fcn\u00fcn karar\u0131n\u0131 k\u0131sa s\u00fcre i\u00e7inde a\u00e7\u0131klamas\u0131 bekleniyor.<\/p>\n<p>Haberde yer alan detaylar \u015fu \u015fekilde oldu:<\/p>\n<p>Barcelona\u2019n\u0131n 2026-27 sezonu i\u00e7in sportif planlamas\u0131nda bir\u00e7ok belirsiz konu bulunuyor. Bunlardan biri de Robert Lewandowski\u2019nin gelece\u011fi. Katalan kul\u00fcb\u00fcnde onun devam edip etmeyece\u011fi net de\u011fil, bu y\u00fczden sportif direkt\u00f6rl\u00fck, piyasadaki santrfor se\u00e7eneklerini detayl\u0131 \u015fekilde inceliyor. Bu cuma g\u00fcn\u00fc ise Hansi Flick, deneyimli Polonyal\u0131 golc\u00fcn\u00fcn yak\u0131n gelece\u011fiyle ilgili belirsizli\u011fi daha da art\u0131rd\u0131.<\/p>\n<p>\u201cOnunla gelece\u011fi hakk\u0131nda konu\u015ftuk, ancak nihayetinde s\u00f6ylediklerimiz aram\u0131zda kal\u0131r. Kalan ma\u00e7lara odaklan\u0131yoruz. Sezon bittikten sonra ne olaca\u011f\u0131n\u0131 g\u00f6rece\u011fiz,\u201d diyen Alman teknik adam, ciddi bir ton kulland\u0131. Di\u011fer konularda daha a\u00e7\u0131k konu\u015fsa da bu konuda belirsizli\u011fi korudu ve Lewandowski\u2019yi planlar\u0131nda kesin olarak d\u00fc\u015f\u00fcnd\u00fc\u011f\u00fcn\u00fc de s\u00f6ylemedi. Bunun bir nedeni de, bu karar\u0131 bizzat Lewandowski\u2019nin a\u00e7\u0131klamas\u0131 gerekti\u011fine inanmas\u0131.<\/p>\n<p>A\u011fustos ay\u0131nda 38 ya\u015f\u0131na girecek olan&#8230;<\/p>\n","protected":false},"excerpt":{"rendered":"<p>Barcelona\u2019da Robert Lewandowski\u2019nin gelece\u011fiyle ilgili belirsizlik devam ediyor. \u0130spanyol bas\u0131n\u0131nda yer alan habere g\u00f6re Polonyal\u0131 y\u0131ld\u0131z golc\u00fc, birka\u00e7 g\u00fcn&#8230;<\/p>\n","protected":false},"author":2,"featured_media":31658,"comment_status":"open","ping_status":"open","sticky":false,"template":"","format":"standard","meta":{"footnotes":""},"categories":[5,7],"tags":[],"class_list":["post-31659","post","type-post","status-publish","format-standard","has-post-thumbnail","hentry","category-son-dakika","category-spor"],"_links":{"self":[{"href":"https:\/\/eskigazeteci.com\/index.php?rest_route=\/wp\/v2\/posts\/31659","targetHints":{"allow":["GET"]}}],"collection":[{"href":"https:\/\/eskigazeteci.com\/index.php?rest_route=\/wp\/v2\/posts"}],"about":[{"href":"https:\/\/eskigazeteci.com\/index.php?rest_route=\/wp\/v2\/types\/post"}],"author":[{"embeddable":true,"href":"https:\/\/eskigazeteci.com\/index.php?rest_route=\/wp\/v2\/users\/2"}],"replies":[{"embeddable":true,"href":"https:\/\/eskigazeteci.com\/index.php?rest_route=%2Fwp%2Fv2%2Fcomments&post=31659"}],"version-history":[{"count":0,"href":"https:\/\/eskigazeteci.com\/index.php?rest_route=\/wp\/v2\/posts\/31659\/revisions"}],"wp:featuredmedia":[{"embeddable":true,"href":"https:\/\/eskigazeteci.com\/index.php?rest_route=\/wp\/v2\/media\/31658"}],"wp:attachment":[{"href":"https:\/\/eskigazeteci.com\/index.php?rest_route=%2Fwp%2Fv2%2Fmedia&parent=31659"}],"wp:term":[{"taxonomy":"category","embeddable":true,"href":"https:\/\/eskigazeteci.com\/index.php?rest_route=%2Fwp%2Fv2%2Fcategories&post=31659"},{"taxonomy":"post_tag","embeddable":true,"href":"https:\/\/eskigazeteci.com\/index.php?rest_route=%2Fwp%2Fv2%2Ftags&post=31659"}],"curies":[{"name":"wp","href":"https:\/\/api.w.org\/{rel}","templated":true}]}}