{"id":31657,"date":"2026-05-02T06:38:14","date_gmt":"2026-05-02T06:38:14","guid":{"rendered":"https:\/\/eskigazeteci.com\/?p=31657"},"modified":"2026-05-02T06:38:14","modified_gmt":"2026-05-02T06:38:14","slug":"yargica-sokak-ortasinda-infaz","status":"publish","type":"post","link":"https:\/\/eskigazeteci.com\/?p=31657","title":{"rendered":"Yarg\u0131ca sokak ortas\u0131nda infaz"},"content":{"rendered":"<p>Bolivya&#x27;da Tar\u0131m ve \u00c7evre Mahkemesi yarg\u0131c\u0131 Victor Hugo Claure, Santa Cruz kentinin kuzeybat\u0131 b\u00f6lgesinde arac\u0131yla seyir halindeyken kimli\u011fi belirsiz ki\u015filerin silahl\u0131 sald\u0131r\u0131s\u0131na u\u011frad\u0131.<\/p>\n<p>Sosyal medyada payla\u015f\u0131lan g\u00fcvenlik kameras\u0131 g\u00f6r\u00fcnt\u00fclerine g\u00f6re, motosikletli \u015fah\u0131slar taraf\u0131ndan \u00f6n\u00fc kesilen Hugo, i\u00e7lerinden birinin yayl\u0131m ate\u015fi a\u00e7mas\u0131 sonucu hayat\u0131n\u0131 kaybetti.<\/p>\n<p>Devlet Ba\u015fsavc\u0131l\u0131\u011f\u0131, yapt\u0131\u011f\u0131 a\u00e7\u0131klamada, Hugo&#x27;nun &quot;\u015fiddet i\u00e7eren bir olay sonucu talihsiz \u00f6l\u00fcm\u00fcn\u00fc&quot; do\u011frulayarak, olayla ilgili &quot;t\u00fcm soru\u015fturma mekanizmalar\u0131n\u0131n derhal harekete ge\u00e7irildi\u011fini&quot; belirtti.<\/p>\n<p>Hugo&#x27;nun ailesine ba\u015f sa\u011fl\u0131\u011f\u0131 dileyen ba\u015fsavc\u0131l\u0131k, &quot;Bu olay sadece bir aileyi de\u011fil, ayn\u0131 zamanda \u00fclkenin adalet sistemini yasa bo\u011fmu\u015ftur. Bu nedenle sevdiklerine en i\u00e7ten taziyelerimizi sunuyor, bu derin ac\u0131 anlar\u0131nda yanlar\u0131nda oldu\u011fumuzu belirtiyoruz.&quot; ifadelerini kulland\u0131.<\/p>\n<p>Tar\u0131m ve \u00c7evre Mahkemesi (TA), Y\u00fcksek Adalet Mahkemesi (TSJ) ve Hakimler Savc\u0131lar Kurulu (Consejo de la Magistratura), ayr\u0131 ayr\u0131 yay\u0131mlad\u0131klar\u0131 bildirilerle sald\u0131r\u0131y\u0131 &quot;nefretle&quot; k\u0131nad\u0131klar\u0131n\u0131 bildirdi.<\/p>\n<p>TSJ Ba\u015fkan\u0131 Romer Saucedo, Amerikan merkezli X \u015firketinin sosyal medya platformundaki hesab\u0131ndan yapt\u0131\u011f\u0131 payla\u015f\u0131mda, devletin g\u00fcvenlik birimlerini&#8230;<\/p>\n","protected":false},"excerpt":{"rendered":"<p>Bolivya&#8217;n\u0131n Santa Cruz kentindeki \u00fcst d\u00fczey bir yarg\u0131\u00e7, arac\u0131yla seyir halindeyken silahl\u0131 sald\u0131r\u0131ya u\u011frayarak hayat\u0131n\u0131 kaybetti.<\/p>\n","protected":false},"author":2,"featured_media":31656,"comment_status":"open","ping_status":"open","sticky":false,"template":"","format":"standard","meta":{"footnotes":""},"categories":[6,5],"tags":[],"class_list":["post-31657","post","type-post","status-publish","format-standard","has-post-thumbnail","hentry","category-gundem","category-son-dakika"],"_links":{"self":[{"href":"https:\/\/eskigazeteci.com\/index.php?rest_route=\/wp\/v2\/posts\/31657","targetHints":{"allow":["GET"]}}],"collection":[{"href":"https:\/\/eskigazeteci.com\/index.php?rest_route=\/wp\/v2\/posts"}],"about":[{"href":"https:\/\/eskigazeteci.com\/index.php?rest_route=\/wp\/v2\/types\/post"}],"author":[{"embeddable":true,"href":"https:\/\/eskigazeteci.com\/index.php?rest_route=\/wp\/v2\/users\/2"}],"replies":[{"embeddable":true,"href":"https:\/\/eskigazeteci.com\/index.php?rest_route=%2Fwp%2Fv2%2Fcomments&post=31657"}],"version-history":[{"count":0,"href":"https:\/\/eskigazeteci.com\/index.php?rest_route=\/wp\/v2\/posts\/31657\/revisions"}],"wp:featuredmedia":[{"embeddable":true,"href":"https:\/\/eskigazeteci.com\/index.php?rest_route=\/wp\/v2\/media\/31656"}],"wp:attachment":[{"href":"https:\/\/eskigazeteci.com\/index.php?rest_route=%2Fwp%2Fv2%2Fmedia&parent=31657"}],"wp:term":[{"taxonomy":"category","embeddable":true,"href":"https:\/\/eskigazeteci.com\/index.php?rest_route=%2Fwp%2Fv2%2Fcategories&post=31657"},{"taxonomy":"post_tag","embeddable":true,"href":"https:\/\/eskigazeteci.com\/index.php?rest_route=%2Fwp%2Fv2%2Ftags&post=31657"}],"curies":[{"name":"wp","href":"https:\/\/api.w.org\/{rel}","templated":true}]}}