{"id":31653,"date":"2026-05-02T06:06:41","date_gmt":"2026-05-02T06:06:41","guid":{"rendered":"https:\/\/eskigazeteci.com\/?p=31653"},"modified":"2026-05-02T06:06:41","modified_gmt":"2026-05-02T06:06:41","slug":"abdde-ufo-dosyasi-iddiasi-nukleer-laboratuvarda-cikan-belgeler-yeni-tartismayi-alevlendirdi","status":"publish","type":"post","link":"https:\/\/eskigazeteci.com\/?p=31653","title":{"rendered":"ABD\u2019de UFO dosyas\u0131 iddias\u0131: N\u00fckleer laboratuvarda \u00e7\u0131kan belgeler yeni tart\u0131\u015fmay\u0131 alevlendirdi"},"content":{"rendered":"<p>ABD\u2019de UFO ya da resmi ad\u0131yla tan\u0131mlanamayan hava olaylar\u0131 etraf\u0131ndaki tart\u0131\u015fma, bu kez Los Alamos Ulusal Laboratuvar\u0131 \u00fczerinden b\u00fcy\u00fcd\u00fc. \u0130ddiaya g\u00f6re laboratuvar\u0131n eski siber g\u00fcvenlik \u015fefinin \u00f6l\u00fcm\u00fcn\u00fcn ard\u0131ndan geride b\u0131rakt\u0131\u011f\u0131 belgeler aras\u0131nda, ABD h\u00fck\u00fcmetinin y\u0131llard\u0131r UFO iddialar\u0131n\u0131 ciddiyetle inceledi\u011fini d\u00fc\u015f\u00fcnd\u00fcren dosyalar bulundu.<\/p>\n<p>S\u00f6z konusu belgelerin, hayat\u0131n\u0131 kaybeden yetkilinin o\u011flunun babas\u0131na ait e\u015fyalar\u0131 toparlarken eline ge\u00e7ti\u011fi \u00f6ne s\u00fcr\u00fcld\u00fc. Dosyalarda \u201catmosferik anomaliler\u201d ba\u015fl\u0131\u011f\u0131 alt\u0131nda i\u00e7 yaz\u0131\u015fmalar, bilimsel raporlar, baz\u0131 foto\u011fraflar ve \u00fcst d\u00fczey g\u00f6r\u00fc\u015fmelere ili\u015fkin kay\u0131tlar\u0131n yer ald\u0131\u011f\u0131 iddia edildi. Kimliklerin g\u00fcvenlik ve mahremiyet gerek\u00e7esiyle a\u00e7\u0131klanmad\u0131\u011f\u0131 belirtilirken, bu materyallerin daha sonra ara\u015ft\u0131rmac\u0131 gazeteci Jeremy Corbell\u2019e ula\u015ft\u0131r\u0131ld\u0131\u011f\u0131 aktar\u0131ld\u0131.<\/p>\n<p>Corbell, belgelerin kendisini bile \u015fa\u015f\u0131rtt\u0131\u011f\u0131n\u0131 s\u00f6ylerken, bunlar\u0131n yaln\u0131zca merak uyand\u0131ran notlar de\u011fil, s\u0131n\u0131fland\u0131r\u0131lm\u0131\u015f d\u00fczeyde y\u00fcr\u00fct\u00fclen ciddi incelemelerin izlerini ta\u015f\u0131d\u0131\u011f\u0131n\u0131 savundu. Belgelerin i\u00e7inde, UFO itki sistemleriyle ili\u015fkilendirilen bilimsel \u00e7al\u0131\u015fmalara ve devlet i\u00e7indeki \u00fcst d\u00fczey toplant\u0131lara i\u015faret eden kay\u0131tlar bulundu\u011funu ileri s\u00fcrd\u00fc.<\/p>\n<p>LOS ALAMOS \u0130DD\u0130ALARIN&#8230;<\/p>\n","protected":false},"excerpt":{"rendered":"<p>ABD\u2019nin en gizemli n\u00fckleer laboratuvarlar\u0131ndan biri olarak g\u00f6r\u00fclen Los Alamos Ulusal Laboratuvar\u0131\u2019nda g\u00f6rev yapm\u0131\u015f eski bir siber g\u00fcvenlik yetkilisinin&#8230;<\/p>\n","protected":false},"author":2,"featured_media":31652,"comment_status":"open","ping_status":"open","sticky":false,"template":"","format":"standard","meta":{"footnotes":""},"categories":[6,5],"tags":[],"class_list":["post-31653","post","type-post","status-publish","format-standard","has-post-thumbnail","hentry","category-gundem","category-son-dakika"],"_links":{"self":[{"href":"https:\/\/eskigazeteci.com\/index.php?rest_route=\/wp\/v2\/posts\/31653","targetHints":{"allow":["GET"]}}],"collection":[{"href":"https:\/\/eskigazeteci.com\/index.php?rest_route=\/wp\/v2\/posts"}],"about":[{"href":"https:\/\/eskigazeteci.com\/index.php?rest_route=\/wp\/v2\/types\/post"}],"author":[{"embeddable":true,"href":"https:\/\/eskigazeteci.com\/index.php?rest_route=\/wp\/v2\/users\/2"}],"replies":[{"embeddable":true,"href":"https:\/\/eskigazeteci.com\/index.php?rest_route=%2Fwp%2Fv2%2Fcomments&post=31653"}],"version-history":[{"count":0,"href":"https:\/\/eskigazeteci.com\/index.php?rest_route=\/wp\/v2\/posts\/31653\/revisions"}],"wp:featuredmedia":[{"embeddable":true,"href":"https:\/\/eskigazeteci.com\/index.php?rest_route=\/wp\/v2\/media\/31652"}],"wp:attachment":[{"href":"https:\/\/eskigazeteci.com\/index.php?rest_route=%2Fwp%2Fv2%2Fmedia&parent=31653"}],"wp:term":[{"taxonomy":"category","embeddable":true,"href":"https:\/\/eskigazeteci.com\/index.php?rest_route=%2Fwp%2Fv2%2Fcategories&post=31653"},{"taxonomy":"post_tag","embeddable":true,"href":"https:\/\/eskigazeteci.com\/index.php?rest_route=%2Fwp%2Fv2%2Ftags&post=31653"}],"curies":[{"name":"wp","href":"https:\/\/api.w.org\/{rel}","templated":true}]}}