{"id":31651,"date":"2026-05-02T05:41:06","date_gmt":"2026-05-02T05:41:06","guid":{"rendered":"https:\/\/eskigazeteci.com\/?p=31651"},"modified":"2026-05-02T05:41:06","modified_gmt":"2026-05-02T05:41:06","slug":"avrupa-ile-kopus-kapida-abd-almanyadaki-birliklerini-geri-cekiyor","status":"publish","type":"post","link":"https:\/\/eskigazeteci.com\/?p=31651","title":{"rendered":"Avrupa ile kopu\u015f kap\u0131da! ABD, Almanya\u2019daki birliklerini geri \u00e7ekiyor"},"content":{"rendered":"<p>Pentagon d\u00fcn yapt\u0131\u011f\u0131 a\u00e7\u0131klamada, ABD&#x27;nin Almanya&#x27;daki 5.000 askerini geri \u00e7ekece\u011fini duyurdu. Karar, Ba\u015fkan Donald Trump&#x27;\u0131n H\u00fcrm\u00fcz Bo\u011faz\u0131&#x27;n\u0131n yeniden a\u00e7\u0131lmas\u0131na destek vermedikleri gerek\u00e7esiyle \u0130talya ve \u0130spanya&#x27;y\u0131 da benzer ad\u0131mlarla tehdit etti\u011fi bir d\u00f6nemde geldi.<\/p>\n<p>Almanya&#x27;daki personel say\u0131s\u0131n\u0131 azaltma hamlesi, Ba\u015fbakan Friedrich Merz\u2019in ABD\u2019nin \u0130ran taraf\u0131ndan &quot;a\u015fa\u011f\u0131land\u0131\u011f\u0131na&quot; y\u00f6nelik ifadelerinin ard\u0131ndan ger\u00e7ekle\u015fti. \u0130sminin a\u00e7\u0131klanmamas\u0131 kayd\u0131yla konu\u015fan \u00fcst d\u00fczey bir Pentagon yetkilisi, Almanya\u2019dan gelen son s\u00f6ylemleri &quot;uygunsuz ve yarars\u0131z&quot; olarak nitelendirerek, &quot;Say\u0131n Ba\u015fkan bu a\u00e7\u0131klamalara hakl\u0131 bir tepki g\u00f6stermektedir&quot; dedi.<\/p>\n<p>35.000 AKT\u0130F G\u00d6REVL\u0130 ASKER VAR! \u00c7EK\u0130LME S\u00dcREC\u0130 NASIL OLACAK?<\/p>\n<p>Pentagon, geri \u00e7ekilme s\u00fcrecinin \u00f6n\u00fcm\u00fczdeki 6 ila 12 ay i\u00e7inde tamamlanmas\u0131n\u0131n beklendi\u011fini bildirdi.<\/p>\n<p>Guardian gazetesinde yer alan habere g\u00f6re, yetkili halihaz\u0131rda Almanya\u2019da bulunan bir tugay muharebe ekibinin \u00e7ekilece\u011fini, ayr\u0131ca Biden y\u00f6netiminin bu y\u0131l\u0131n sonlar\u0131nda konu\u015fland\u0131rmay\u0131 planlad\u0131\u011f\u0131 uzun menzilli bir top\u00e7u taburunun sevkiyat\u0131ndan vazge\u00e7ildi\u011fini belirtti.<\/p>\n<p>Yakla\u015f\u0131k 35.000 aktif g\u00f6revli askere ev sahipli\u011fi yapan Almanya, ABD&#x27;nin Avrupa&#x27;daki en b\u00fcy\u00fck \u00fcs b\u00f6lgesi ve&#8230;<\/p>\n","protected":false},"excerpt":{"rendered":"<p>ABD son g\u00fcnlerde Almanya ile ya\u015fanan gerilimin ard\u0131ndan \u00fclkedeki askeri birliklerini \u00e7ekme karar\u0131 ald\u0131. D\u00fcn yap\u0131lan a\u00e7\u0131klama ile ilk olarak 5 bin askerin&#8230;<\/p>\n","protected":false},"author":2,"featured_media":31650,"comment_status":"open","ping_status":"open","sticky":false,"template":"","format":"standard","meta":{"footnotes":""},"categories":[6,5],"tags":[],"class_list":["post-31651","post","type-post","status-publish","format-standard","has-post-thumbnail","hentry","category-gundem","category-son-dakika"],"_links":{"self":[{"href":"https:\/\/eskigazeteci.com\/index.php?rest_route=\/wp\/v2\/posts\/31651","targetHints":{"allow":["GET"]}}],"collection":[{"href":"https:\/\/eskigazeteci.com\/index.php?rest_route=\/wp\/v2\/posts"}],"about":[{"href":"https:\/\/eskigazeteci.com\/index.php?rest_route=\/wp\/v2\/types\/post"}],"author":[{"embeddable":true,"href":"https:\/\/eskigazeteci.com\/index.php?rest_route=\/wp\/v2\/users\/2"}],"replies":[{"embeddable":true,"href":"https:\/\/eskigazeteci.com\/index.php?rest_route=%2Fwp%2Fv2%2Fcomments&post=31651"}],"version-history":[{"count":0,"href":"https:\/\/eskigazeteci.com\/index.php?rest_route=\/wp\/v2\/posts\/31651\/revisions"}],"wp:featuredmedia":[{"embeddable":true,"href":"https:\/\/eskigazeteci.com\/index.php?rest_route=\/wp\/v2\/media\/31650"}],"wp:attachment":[{"href":"https:\/\/eskigazeteci.com\/index.php?rest_route=%2Fwp%2Fv2%2Fmedia&parent=31651"}],"wp:term":[{"taxonomy":"category","embeddable":true,"href":"https:\/\/eskigazeteci.com\/index.php?rest_route=%2Fwp%2Fv2%2Fcategories&post=31651"},{"taxonomy":"post_tag","embeddable":true,"href":"https:\/\/eskigazeteci.com\/index.php?rest_route=%2Fwp%2Fv2%2Ftags&post=31651"}],"curies":[{"name":"wp","href":"https:\/\/api.w.org\/{rel}","templated":true}]}}