{"id":31649,"date":"2026-05-02T05:39:34","date_gmt":"2026-05-02T05:39:34","guid":{"rendered":"https:\/\/eskigazeteci.com\/?p=31649"},"modified":"2026-05-02T05:39:34","modified_gmt":"2026-05-02T05:39:34","slug":"turkiyede-10-yeni-magazalar-acacak","status":"publish","type":"post","link":"https:\/\/eskigazeteci.com\/?p=31649","title":{"rendered":"T\u00fcrkiye&#8217;de 10 Yeni Ma\u011fazalar A\u00e7acak"},"content":{"rendered":"<p>Mango, T\u00fcrkiye pazar\u0131na giri\u015f yapm\u0131\u015f ki\u015filerin 2026 y\u0131l\u0131nda 10 yeni magazan\u0131n a\u00e7\u0131l\u0131\u011f\u0131na bir ad\u0131m atmak \u00fczereyken a\u00e7\u0131klad\u0131. Bu t\u00fcr dini ve d\u00fczenli olarak ilgi \u00e7ekici geli\u015fmelerden bu y\u0131lki sonucuyla, Mango&#x27;un T\u00fcrkiye pazar\u0131na girenlerin daha geni\u015f kapsaml\u0131 bir etkisi bekleniyor.<\/p>\n","protected":false},"excerpt":{"rendered":"<p>Mango, T\u00fcrkiye pazar\u0131na girenlerin 2026 y\u0131l\u0131nda 10 yeni ma\u011faza a\u00e7may\u0131 planlad\u0131\u011f\u0131n\u0131 duyurdu.<\/p>\n","protected":false},"author":2,"featured_media":31648,"comment_status":"open","ping_status":"open","sticky":false,"template":"","format":"standard","meta":{"footnotes":""},"categories":[6,5],"tags":[],"class_list":["post-31649","post","type-post","status-publish","format-standard","has-post-thumbnail","hentry","category-gundem","category-son-dakika"],"_links":{"self":[{"href":"https:\/\/eskigazeteci.com\/index.php?rest_route=\/wp\/v2\/posts\/31649","targetHints":{"allow":["GET"]}}],"collection":[{"href":"https:\/\/eskigazeteci.com\/index.php?rest_route=\/wp\/v2\/posts"}],"about":[{"href":"https:\/\/eskigazeteci.com\/index.php?rest_route=\/wp\/v2\/types\/post"}],"author":[{"embeddable":true,"href":"https:\/\/eskigazeteci.com\/index.php?rest_route=\/wp\/v2\/users\/2"}],"replies":[{"embeddable":true,"href":"https:\/\/eskigazeteci.com\/index.php?rest_route=%2Fwp%2Fv2%2Fcomments&post=31649"}],"version-history":[{"count":0,"href":"https:\/\/eskigazeteci.com\/index.php?rest_route=\/wp\/v2\/posts\/31649\/revisions"}],"wp:featuredmedia":[{"embeddable":true,"href":"https:\/\/eskigazeteci.com\/index.php?rest_route=\/wp\/v2\/media\/31648"}],"wp:attachment":[{"href":"https:\/\/eskigazeteci.com\/index.php?rest_route=%2Fwp%2Fv2%2Fmedia&parent=31649"}],"wp:term":[{"taxonomy":"category","embeddable":true,"href":"https:\/\/eskigazeteci.com\/index.php?rest_route=%2Fwp%2Fv2%2Fcategories&post=31649"},{"taxonomy":"post_tag","embeddable":true,"href":"https:\/\/eskigazeteci.com\/index.php?rest_route=%2Fwp%2Fv2%2Ftags&post=31649"}],"curies":[{"name":"wp","href":"https:\/\/api.w.org\/{rel}","templated":true}]}}