{"id":31643,"date":"2026-05-02T05:15:06","date_gmt":"2026-05-02T05:15:06","guid":{"rendered":"https:\/\/eskigazeteci.com\/?p=31643"},"modified":"2026-05-02T05:15:06","modified_gmt":"2026-05-02T05:15:06","slug":"son-dakika-iranin-teklifi-sonrasi-trumptan-yeni-aciklama-irandan-erkenden-ayrilmayacagiz","status":"publish","type":"post","link":"https:\/\/eskigazeteci.com\/?p=31643","title":{"rendered":"Son dakika&#8230; \u0130ran&#8217;\u0131n teklifi sonras\u0131 Trump&#8217;tan yeni a\u00e7\u0131klama: \u0130ran&#8217;dan erkenden ayr\u0131lmayaca\u011f\u0131z"},"content":{"rendered":"<p>Son dakika&#8230; \u0130ran&#x27;\u0131n teklifi sonras\u0131 Trump&#x27;tan yeni a\u00e7\u0131klama: \u0130ran&#x27;dan erkenden ayr\u0131lmayaca\u011f\u0131z<\/p>\n<p>ABD Ba\u015fkan\u0131 Donald Trump, Florida eyaletinin Villages b\u00f6lgesinde kendisine oy veren se\u00e7menlere y\u00f6nelik yapt\u0131\u011f\u0131 konu\u015fmas\u0131nda, zaman zaman \u0130ran&#x27;la ilgili a\u00e7\u0131klamalara yer verdi.Kendisine y\u00f6nelik \u00fc\u00e7\u00fcnc\u00fc suikast giri\u015fiminin ard\u0131ndan ilk defa kamuoyu \u00f6n\u00fcnde g\u00f6r\u00fcnen Trump, &quot;\u2060(\u0130ran&#x27;dan) erken ayr\u0131l\u0131p sorunun yeniden ortaya \u00e7\u0131kmas\u0131na izin vermeyece\u011fiz.&quot; diye konu\u015ftu.Trump, &quot;\u0130ranl\u0131lar bize yapmam\u0131z gereken t\u00fcrden bir anla\u015fmayla gelmiyorlar. Bu i\u015fi uygun bir \u015fekilde halledece\u011fiz.&quot; ifadelerini kulland\u0131.<\/p>\n<p>\u0130ran &#x27;\u0131 y\u00f6netenlerin &quot;olduk\u00e7a k\u00f6t\u00fc insanlar&quot; oldu\u011funu ileri s\u00fcren ABD Ba\u015fkan\u0131 Trump, Tahran y\u00f6netiminin &quot;iki haftal\u0131k s\u00fcre i\u00e7inde 42 bin protestocuyu \u00f6ld\u00fcrd\u00fc\u011f\u00fcn\u00fc&quot; iddia etti.Trump, \u0130ran&#x27;\u0131n ge\u00e7i\u015fleri kapamas\u0131 nedeniyle &quot;400&#x27;e yak\u0131n geminin&quot; H\u00fcrm\u00fcz Bo\u011faz\u0131&#x27;nda mahsur kald\u0131\u011f\u0131n\u0131 vurgulad\u0131.\u0130ran&#x27;\u0131n donanmas\u0131 hakk\u0131nda da konu\u015fan Trump, bu \u00fclkeye ait 159 geminin iki hafta i\u00e7inde bat\u0131r\u0131ld\u0131\u011f\u0131n\u0131 s\u00f6yledi.<\/p>\n<p>Trump , NATO&#x27;ya &quot;trilyonlarca dolar harcad\u0131klar\u0131n\u0131n&quot;, buna ra\u011fmen K\u00f6rfez&#x27;de verdikleri m\u00fccadelede ABD &#x27;nin NATO&#x27;dan hi\u00e7bir yard\u0131m alamad\u0131\u011f\u0131n\u0131n alt\u0131n\u0131 \u00e7izdi.<\/p>\n<p>\u0130srail&#x27;in, 17 Nisan&#x27;da y\u00fcr\u00fcrl\u00fc\u011fe giren ate\u015fkese&#8230;<\/p>\n","protected":false},"excerpt":{"rendered":"<p>\u0130ran&#8217;\u0131n, ABD ile y\u00fcr\u00fct\u00fclen m\u00fczakere s\u00fcreciyle ilgili \u0130ran yeni teklifini Washington&#8217;a iletirken, ABD Ba\u015fkan\u0131 Donald Trump, \u0130ran&#8217;a kar\u015f\u0131 ba\u015flatt\u0131klar\u0131 sava\u015fa&#8230;<\/p>\n","protected":false},"author":2,"featured_media":31642,"comment_status":"open","ping_status":"open","sticky":false,"template":"","format":"standard","meta":{"footnotes":""},"categories":[6,5],"tags":[],"class_list":["post-31643","post","type-post","status-publish","format-standard","has-post-thumbnail","hentry","category-gundem","category-son-dakika"],"_links":{"self":[{"href":"https:\/\/eskigazeteci.com\/index.php?rest_route=\/wp\/v2\/posts\/31643","targetHints":{"allow":["GET"]}}],"collection":[{"href":"https:\/\/eskigazeteci.com\/index.php?rest_route=\/wp\/v2\/posts"}],"about":[{"href":"https:\/\/eskigazeteci.com\/index.php?rest_route=\/wp\/v2\/types\/post"}],"author":[{"embeddable":true,"href":"https:\/\/eskigazeteci.com\/index.php?rest_route=\/wp\/v2\/users\/2"}],"replies":[{"embeddable":true,"href":"https:\/\/eskigazeteci.com\/index.php?rest_route=%2Fwp%2Fv2%2Fcomments&post=31643"}],"version-history":[{"count":0,"href":"https:\/\/eskigazeteci.com\/index.php?rest_route=\/wp\/v2\/posts\/31643\/revisions"}],"wp:featuredmedia":[{"embeddable":true,"href":"https:\/\/eskigazeteci.com\/index.php?rest_route=\/wp\/v2\/media\/31642"}],"wp:attachment":[{"href":"https:\/\/eskigazeteci.com\/index.php?rest_route=%2Fwp%2Fv2%2Fmedia&parent=31643"}],"wp:term":[{"taxonomy":"category","embeddable":true,"href":"https:\/\/eskigazeteci.com\/index.php?rest_route=%2Fwp%2Fv2%2Fcategories&post=31643"},{"taxonomy":"post_tag","embeddable":true,"href":"https:\/\/eskigazeteci.com\/index.php?rest_route=%2Fwp%2Fv2%2Ftags&post=31643"}],"curies":[{"name":"wp","href":"https:\/\/api.w.org\/{rel}","templated":true}]}}