{"id":31641,"date":"2026-05-02T05:13:34","date_gmt":"2026-05-02T05:13:34","guid":{"rendered":"https:\/\/eskigazeteci.com\/?p=31641"},"modified":"2026-05-02T05:13:34","modified_gmt":"2026-05-02T05:13:34","slug":"besiktastan-yerli-atagi-hedefte-a-milli-takim-formasi-giyen-2-yildiz-oyuncu-var","status":"publish","type":"post","link":"https:\/\/eskigazeteci.com\/?p=31641","title":{"rendered":"Be\u015fikta\u015f&#8217;tan yerli ata\u011f\u0131! Hedefte A Milli Tak\u0131m formas\u0131 giyen 2 y\u0131ld\u0131z oyuncu var"},"content":{"rendered":"<p>S\u00fcper Lig&#x27;de beklentilerin alt\u0131nda bir sezon ge\u00e7iren Be\u015fikta\u015f bir yandan gelecek sezonun kadro planlamalar\u0131na ba\u015flad\u0131. Teknik direkt\u00f6r Sergen Yal\u00e7\u0131n&#x27;\u0131n verdi\u011fi liste do\u011frultusunda harekete ge\u00e7en siyah-beyazl\u0131lar yeni bir operasyona ba\u015flad\u0131.<\/p>\n<p>KALEDE HEDEF MUHAMMED \u015eENGEZER<\/p>\n<p>Kara Kartal&#x27;da kaleci aray\u0131\u015f\u0131 s\u00fcr\u00fcyor. Be\u015fikta\u015f&#x27;ta \u00f6ne \u00e7\u0131kan isim Muhammed \u015eengezer.<\/p>\n<p>Siyah-Beyazl\u0131lar, sezon sonunda s\u00f6zle\u015fmesi bitecek Ersin Destano\u011flu&#x27;nun ayr\u0131lma ihtimalini g\u00f6z \u00f6n\u00fcnde bulundururken, yerli kaleci takviyesi i\u00e7in rotay\u0131 Ba\u015fak\u015fehir\u2019e \u00e7evirdi. Y\u00f6netim, ba\u015far\u0131l\u0131 file bek\u00e7isinin Be\u015fikta\u015f formas\u0131n\u0131 giymesi i\u00e7in adeta seferberlik ilan etti.<\/p>\n<p>Bu sezon t\u00fcm kulvarlarda 36 ma\u00e7a \u00e7\u0131kan ve kalesinde 36 gol g\u00f6ren Muhammed \u015eengezer , 13 ma\u00e7\u0131 gol yemeden tamamlad\u0131.<\/p>\n<p>CENG\u0130Z \u00dcNDER&#x27;\u0130N YER\u0130NE YUSUF SARI<\/p>\n<p>Siyah-Beyazl\u0131lar&#x27;da sa\u011f kanat i\u00e7in g\u00fcndeme gelen isimlerden biri Yusuf Sar\u0131 oldu. Be\u015fikta\u015f, sezon ba\u015f\u0131nda kiral\u0131k olarak kadrosuna katt\u0131\u011f\u0131 Cengiz \u00dcnder\u2019in sat\u0131n alma opsiyonunu kullanmay\u0131 d\u00fc\u015f\u00fcnmezken, bu b\u00f6lgede yap\u0131lacak takviye i\u00e7in d\u00fc\u011fmeye bast\u0131. Y\u00f6netimin, Ba\u015fak\u015fehir formas\u0131 giyen Yusuf\u2019u listenin \u00fcst s\u0131ralar\u0131na yazd\u0131\u011f\u0131 \u00f6\u011frenildi.<\/p>\n<p>H\u0131z\u0131, bire birdeki etkisi ve h\u00fccumdaki \u00fcretkenli\u011fiyle dikkat \u00e7eken Milli&#8230;<\/p>\n","protected":false},"excerpt":{"rendered":"<p>Yeni sezon kadro planlamas\u0131 \u00e7er\u00e7evesinde transfer \u00e7al\u0131\u015fmalar\u0131na h\u0131z veren Be\u015fikta\u015f, A Milli Tak\u0131m formas\u0131 da giyen Ba\u015fak\u015fehir&#8217;in iki y\u0131ld\u0131z\u0131 i\u00e7in d\u00fc\u011fmeye bast\u0131.<\/p>\n","protected":false},"author":2,"featured_media":31640,"comment_status":"open","ping_status":"open","sticky":false,"template":"","format":"standard","meta":{"footnotes":""},"categories":[5,7],"tags":[],"class_list":["post-31641","post","type-post","status-publish","format-standard","has-post-thumbnail","hentry","category-son-dakika","category-spor"],"_links":{"self":[{"href":"https:\/\/eskigazeteci.com\/index.php?rest_route=\/wp\/v2\/posts\/31641","targetHints":{"allow":["GET"]}}],"collection":[{"href":"https:\/\/eskigazeteci.com\/index.php?rest_route=\/wp\/v2\/posts"}],"about":[{"href":"https:\/\/eskigazeteci.com\/index.php?rest_route=\/wp\/v2\/types\/post"}],"author":[{"embeddable":true,"href":"https:\/\/eskigazeteci.com\/index.php?rest_route=\/wp\/v2\/users\/2"}],"replies":[{"embeddable":true,"href":"https:\/\/eskigazeteci.com\/index.php?rest_route=%2Fwp%2Fv2%2Fcomments&post=31641"}],"version-history":[{"count":0,"href":"https:\/\/eskigazeteci.com\/index.php?rest_route=\/wp\/v2\/posts\/31641\/revisions"}],"wp:featuredmedia":[{"embeddable":true,"href":"https:\/\/eskigazeteci.com\/index.php?rest_route=\/wp\/v2\/media\/31640"}],"wp:attachment":[{"href":"https:\/\/eskigazeteci.com\/index.php?rest_route=%2Fwp%2Fv2%2Fmedia&parent=31641"}],"wp:term":[{"taxonomy":"category","embeddable":true,"href":"https:\/\/eskigazeteci.com\/index.php?rest_route=%2Fwp%2Fv2%2Fcategories&post=31641"},{"taxonomy":"post_tag","embeddable":true,"href":"https:\/\/eskigazeteci.com\/index.php?rest_route=%2Fwp%2Fv2%2Ftags&post=31641"}],"curies":[{"name":"wp","href":"https:\/\/api.w.org\/{rel}","templated":true}]}}