{"id":31637,"date":"2026-05-02T05:10:38","date_gmt":"2026-05-02T05:10:38","guid":{"rendered":"https:\/\/eskigazeteci.com\/?p=31637"},"modified":"2026-05-02T05:10:38","modified_gmt":"2026-05-02T05:10:38","slug":"aleyna-solaker-azra-olmayi-cok-istedim","status":"publish","type":"post","link":"https:\/\/eskigazeteci.com\/?p=31637","title":{"rendered":"Aleyna Solaker: Azra olmay\u0131 \u00e7ok istedim"},"content":{"rendered":"<p>E\u015fi Cihan\u2019dan (Serdar Or\u00e7in) g\u00f6rd\u00fc\u011f\u00fc psikolojik \u015fiddetle izleyicinin y\u00fcre\u011fine dokunan oyuncu, yo\u011fun \u00e7ekim temposu i\u00e7inde hem kariyerini hem de kendini yeniden ke\u015ffetti\u011fi bir d\u00f6nemden ge\u00e7ti\u011fini s\u00f6yledi.<\/p>\n<p>Aynaya bakt\u0131\u011f\u0131nda \u201cke\u015fif halinde olan bir gen\u00e7 k\u0131z\u201d g\u00f6rd\u00fc\u011f\u00fcn\u00fc dile getiren Solaker, \u201c\u00c7\u00fcnk\u00fc kendimi h\u00e2l\u00e2 kad\u0131n olarak g\u00f6remiyorum. \u0130\u00e7 d\u00fcnyam zaten hi\u00e7 \u00f6yle de\u011fil\u201d dedi.<\/p>\n<p>SPORLA ARAM \u0130Y\u0130 DE\u011e\u0130L Solaker, \u201c G\u00fcller ve G\u00fcnahlar \u201d\u0131n kariyerinde \u00f6nemli bir s\u0131\u00e7rama noktas\u0131 oldu\u011funu vurgulad\u0131:<\/p>\n<p>\u201c Azra karakteri ilk geldi\u011finde onun i\u00e7inde olmak \u00e7ok istemi\u015ftim. Bu y\u00fczden bu projede yer ald\u0131\u011f\u0131m i\u00e7in ger\u00e7ekten \u00e7ok mutluyum.\u201d<\/p>\n<p>Formsant\u00e9 dergisinin yeni say\u0131s\u0131n\u0131n kapa\u011f\u0131nda yer alan Aleyna Solaker , \u201cSporla aram a\u00e7\u0131k\u00e7as\u0131 hi\u00e7 iyi de\u011fildi. B\u00fcy\u00fck bir hevesle ba\u015flay\u0131p k\u0131sa s\u00fcrede b\u0131rak\u0131yordum. Genelde pilates yap\u0131yordum. \u015eimdi fitness\u2019a ba\u015flad\u0131m ve \u00e7ok keyif ald\u0131m. D\u00fczenli gidiyorum ve b\u0131rakmay\u0131 da d\u00fc\u015f\u00fcnm\u00fcyorum\u201d dedi.<\/p>\n<p>T\u00fcrkiye&#x27;den ve D\u00fcnya\u2019dan son dakika haberleri, k\u00f6\u015fe yaz\u0131lar\u0131, magazinden siyasete, spordan seyahate b\u00fct\u00fcn konular\u0131n tek adresi Hurriyet.com.tr haber i\u00e7erikleri izin al\u0131nmadan, kaynak g\u00f6sterilerek dahi iktibas edilemez. Kanuna ayk\u0131r\u0131 ve izinsiz olarak kopyalanamaz, ba\u015fka yerde yay\u0131nlanamaz.<\/p>\n","protected":false},"excerpt":{"rendered":"<p>ALEYNA Solaker, Kanal D\u2019nin cumartesi ak\u015famlar\u0131 ilgiyle izlenen dizisi \u201cG\u00fcller ve G\u00fcnahlar\u201dda Azra rol\u00fcyle izleyici kar\u015f\u0131s\u0131na \u00e7\u0131k\u0131yor.<\/p>\n","protected":false},"author":2,"featured_media":31636,"comment_status":"open","ping_status":"open","sticky":false,"template":"","format":"standard","meta":{"footnotes":""},"categories":[6,5],"tags":[],"class_list":["post-31637","post","type-post","status-publish","format-standard","has-post-thumbnail","hentry","category-gundem","category-son-dakika"],"_links":{"self":[{"href":"https:\/\/eskigazeteci.com\/index.php?rest_route=\/wp\/v2\/posts\/31637","targetHints":{"allow":["GET"]}}],"collection":[{"href":"https:\/\/eskigazeteci.com\/index.php?rest_route=\/wp\/v2\/posts"}],"about":[{"href":"https:\/\/eskigazeteci.com\/index.php?rest_route=\/wp\/v2\/types\/post"}],"author":[{"embeddable":true,"href":"https:\/\/eskigazeteci.com\/index.php?rest_route=\/wp\/v2\/users\/2"}],"replies":[{"embeddable":true,"href":"https:\/\/eskigazeteci.com\/index.php?rest_route=%2Fwp%2Fv2%2Fcomments&post=31637"}],"version-history":[{"count":0,"href":"https:\/\/eskigazeteci.com\/index.php?rest_route=\/wp\/v2\/posts\/31637\/revisions"}],"wp:featuredmedia":[{"embeddable":true,"href":"https:\/\/eskigazeteci.com\/index.php?rest_route=\/wp\/v2\/media\/31636"}],"wp:attachment":[{"href":"https:\/\/eskigazeteci.com\/index.php?rest_route=%2Fwp%2Fv2%2Fmedia&parent=31637"}],"wp:term":[{"taxonomy":"category","embeddable":true,"href":"https:\/\/eskigazeteci.com\/index.php?rest_route=%2Fwp%2Fv2%2Fcategories&post=31637"},{"taxonomy":"post_tag","embeddable":true,"href":"https:\/\/eskigazeteci.com\/index.php?rest_route=%2Fwp%2Fv2%2Ftags&post=31637"}],"curies":[{"name":"wp","href":"https:\/\/api.w.org\/{rel}","templated":true}]}}