{"id":31635,"date":"2026-05-02T05:09:06","date_gmt":"2026-05-02T05:09:06","guid":{"rendered":"https:\/\/eskigazeteci.com\/?p=31635"},"modified":"2026-05-02T05:09:06","modified_gmt":"2026-05-02T05:09:06","slug":"hatice-ihaneti-affederim","status":"publish","type":"post","link":"https:\/\/eskigazeteci.com\/?p=31635","title":{"rendered":"Hatice: \u0130hanet\u0130 affederim"},"content":{"rendered":"<p>Ge\u00e7mi\u015fte iyi yat\u0131r\u0131mlar yapt\u0131\u011f\u0131n\u0131 belirten \u015fark\u0131c\u0131 \u201cGe\u00e7mi\u015fte iyi yat\u0131r\u0131mlar yapt\u0131\u011f\u0131m i\u00e7in \u015fu an tuzum kuru. Hi\u00e7 sahneye \u00e7\u0131kmasam bile ayl\u0131k gelirim 200 bin lira\u201d dedi.<\/p>\n<p>\u00d6zel hayat\u0131na da de\u011finen Hatice uzun s\u00fcredir birlikte ya\u015fad\u0131\u011f\u0131 Ali Kemal\u2019den de s\u00f6z etti. \u00dcnl\u00fc \u015fark\u0131c\u0131 nazara inand\u0131\u011f\u0131n\u0131 ve birlikte foto\u011fraf payla\u015fmaktan \u00e7ekindi\u011fini dile getirdi. \u00dcnl\u00fc \u015fark\u0131c\u0131 ihanet konusunda ise dikkat \u00e7eken bir a\u00e7\u0131klamada bulundu:<\/p>\n<p>\u201c\u0130hanete u\u011frarsam affederim, ayr\u0131lmam ama s\u00fcr\u00fcnd\u00fcr\u00fcr\u00fcm.\u201d<\/p>\n<p>T\u00fcrkiye&#x27;den ve D\u00fcnya\u2019dan son dakika haberleri, k\u00f6\u015fe yaz\u0131lar\u0131, magazinden siyasete, spordan seyahate b\u00fct\u00fcn konular\u0131n tek adresi Hurriyet.com.tr haber i\u00e7erikleri izin al\u0131nmadan, kaynak g\u00f6sterilerek dahi iktibas edilemez. Kanuna ayk\u0131r\u0131 ve izinsiz olarak kopyalanamaz, ba\u015fka yerde yay\u0131nlanamaz.<\/p>\n","protected":false},"excerpt":{"rendered":"<p>\u015eARKICI Hatice, evinin kap\u0131lar\u0131n\u0131 Asiye Acar\u2019\u0131n sundu\u011fu \u201cPazar Gezmesi\u201d program\u0131na a\u00e7t\u0131.<\/p>\n","protected":false},"author":2,"featured_media":31634,"comment_status":"open","ping_status":"open","sticky":false,"template":"","format":"standard","meta":{"footnotes":""},"categories":[6,5],"tags":[],"class_list":["post-31635","post","type-post","status-publish","format-standard","has-post-thumbnail","hentry","category-gundem","category-son-dakika"],"_links":{"self":[{"href":"https:\/\/eskigazeteci.com\/index.php?rest_route=\/wp\/v2\/posts\/31635","targetHints":{"allow":["GET"]}}],"collection":[{"href":"https:\/\/eskigazeteci.com\/index.php?rest_route=\/wp\/v2\/posts"}],"about":[{"href":"https:\/\/eskigazeteci.com\/index.php?rest_route=\/wp\/v2\/types\/post"}],"author":[{"embeddable":true,"href":"https:\/\/eskigazeteci.com\/index.php?rest_route=\/wp\/v2\/users\/2"}],"replies":[{"embeddable":true,"href":"https:\/\/eskigazeteci.com\/index.php?rest_route=%2Fwp%2Fv2%2Fcomments&post=31635"}],"version-history":[{"count":0,"href":"https:\/\/eskigazeteci.com\/index.php?rest_route=\/wp\/v2\/posts\/31635\/revisions"}],"wp:featuredmedia":[{"embeddable":true,"href":"https:\/\/eskigazeteci.com\/index.php?rest_route=\/wp\/v2\/media\/31634"}],"wp:attachment":[{"href":"https:\/\/eskigazeteci.com\/index.php?rest_route=%2Fwp%2Fv2%2Fmedia&parent=31635"}],"wp:term":[{"taxonomy":"category","embeddable":true,"href":"https:\/\/eskigazeteci.com\/index.php?rest_route=%2Fwp%2Fv2%2Fcategories&post=31635"},{"taxonomy":"post_tag","embeddable":true,"href":"https:\/\/eskigazeteci.com\/index.php?rest_route=%2Fwp%2Fv2%2Ftags&post=31635"}],"curies":[{"name":"wp","href":"https:\/\/api.w.org\/{rel}","templated":true}]}}