{"id":31633,"date":"2026-05-02T05:07:34","date_gmt":"2026-05-02T05:07:34","guid":{"rendered":"https:\/\/eskigazeteci.com\/?p=31633"},"modified":"2026-05-02T05:07:34","modified_gmt":"2026-05-02T05:07:34","slug":"ilk-kez-tiyatro-sahnesinde","status":"publish","type":"post","link":"https:\/\/eskigazeteci.com\/?p=31633","title":{"rendered":"\u0130lk kez tiyatro sahnesinde"},"content":{"rendered":"<p>T\u00fcrk edebiyat\u0131n\u0131n \u00f6nemli eserlerinden biri olan Suat Dervi\u015f imzal\u0131 \u201c Fosforlu Cevriye \u201d, \u201cCevriye\u201d ad\u0131yla yeniden sahneye ta\u015f\u0131n\u0131yor. Y\u00f6netmen koltu\u011funda Hakan Alkan\u2019\u0131n oturdu\u011fu m\u00fczikalde, pop m\u00fczi\u011finin g\u00fc\u00e7l\u00fc seslerinden Deniz Seki de yer alacak. 9 g\u00f6steride sahnede olacak sanat\u00e7\u0131, seslendirdi\u011fi \u015fark\u0131larla m\u00fczikale renk katacak.<\/p>\n<p>M\u00fczikalin ba\u015frol\u00fcnde yer alan Larissa Lara T\u00fcrk\u00f6zer, farkl\u0131 bir Cevriye konsepti kurgulamak istediklerini vurgulayarak \u201cGer\u00e7ekleri konu\u015ftu\u011fumuz, bu roman\u0131n ne oldu\u011funu, asl\u0131nda anlatmaya \u00e7al\u0131\u015ft\u0131\u011f\u0131 mesaj\u0131n i\u00e7inde gezen bir Cevriye yapmak istedik\u201d dedi.<\/p>\n<p>Kad\u0131n\u0131n toplumdaki rol\u00fc \u00fczerinden oyunu ele ald\u0131klar\u0131n\u0131 ifade eden T\u00fcrk\u00f6zer, \u201cBu asl\u0131nda bir sosyal sorumluluk projesi de ayn\u0131 zamanda. Var olan bir \u015feyi g\u00f6zler \u00f6n\u00fcne sermeyi planl\u0131yoruz. Konuk sanat\u00e7\u0131lar\u0131m\u0131z ve oyuncular\u0131m\u0131z ad\u0131na bir k\u0131z \u00e7ocu\u011funun e\u011fitim masraflar\u0131n\u0131 \u00fcstlenece\u011fimiz bir proje. K\u0131z \u00e7ocuklar\u0131n\u0131n daha g\u00fc\u00e7l\u00fc yeti\u015fmesi, g\u00fc\u00e7l\u00fc bireyler olmas\u0131 ve tek ba\u015f\u0131na yetebilmesini hedefliyoruz\u201d dedi.<\/p>\n<p>M\u00fczikalin galas\u0131, 9 May\u0131s\u2019ta L\u00fctfi K\u0131rdar Anadolu Auditorium\u2019da yap\u0131lacak.<\/p>\n<p>T\u00fcrkiye&#x27;den ve D\u00fcnya\u2019dan son dakika haberleri, k\u00f6\u015fe yaz\u0131lar\u0131, magazinden siyasete, spordan seyahate b\u00fct\u00fcn konular\u0131n tek adresi&#8230;<\/p>\n","protected":false},"excerpt":{"rendered":"<p>DEN\u0130Z Seki ilk kez \u201cCevriye M\u00fczikali\u201d ile tiyatro sahnesine \u00e7\u0131kacak.<\/p>\n","protected":false},"author":2,"featured_media":31632,"comment_status":"open","ping_status":"open","sticky":false,"template":"","format":"standard","meta":{"footnotes":""},"categories":[6,5],"tags":[],"class_list":["post-31633","post","type-post","status-publish","format-standard","has-post-thumbnail","hentry","category-gundem","category-son-dakika"],"_links":{"self":[{"href":"https:\/\/eskigazeteci.com\/index.php?rest_route=\/wp\/v2\/posts\/31633","targetHints":{"allow":["GET"]}}],"collection":[{"href":"https:\/\/eskigazeteci.com\/index.php?rest_route=\/wp\/v2\/posts"}],"about":[{"href":"https:\/\/eskigazeteci.com\/index.php?rest_route=\/wp\/v2\/types\/post"}],"author":[{"embeddable":true,"href":"https:\/\/eskigazeteci.com\/index.php?rest_route=\/wp\/v2\/users\/2"}],"replies":[{"embeddable":true,"href":"https:\/\/eskigazeteci.com\/index.php?rest_route=%2Fwp%2Fv2%2Fcomments&post=31633"}],"version-history":[{"count":0,"href":"https:\/\/eskigazeteci.com\/index.php?rest_route=\/wp\/v2\/posts\/31633\/revisions"}],"wp:featuredmedia":[{"embeddable":true,"href":"https:\/\/eskigazeteci.com\/index.php?rest_route=\/wp\/v2\/media\/31632"}],"wp:attachment":[{"href":"https:\/\/eskigazeteci.com\/index.php?rest_route=%2Fwp%2Fv2%2Fmedia&parent=31633"}],"wp:term":[{"taxonomy":"category","embeddable":true,"href":"https:\/\/eskigazeteci.com\/index.php?rest_route=%2Fwp%2Fv2%2Fcategories&post=31633"},{"taxonomy":"post_tag","embeddable":true,"href":"https:\/\/eskigazeteci.com\/index.php?rest_route=%2Fwp%2Fv2%2Ftags&post=31633"}],"curies":[{"name":"wp","href":"https:\/\/api.w.org\/{rel}","templated":true}]}}