{"id":31629,"date":"2026-05-02T05:04:32","date_gmt":"2026-05-02T05:04:32","guid":{"rendered":"https:\/\/eskigazeteci.com\/?p=31629"},"modified":"2026-05-02T05:04:32","modified_gmt":"2026-05-02T05:04:32","slug":"sasirtan-benzerlik","status":"publish","type":"post","link":"https:\/\/eskigazeteci.com\/?p=31629","title":{"rendered":"\u015ea\u015f\u0131rtan benzerlik"},"content":{"rendered":"<p>1926 y\u0131l\u0131nda Paris\u2019te \u00e7ekilen g\u00f6r\u00fcnt\u00fclerde bulundu\u011fu iddia edilen Fas Sultan\u0131 Moulay Youssef \u2019in, Cem Y\u0131lmaz\u2019a olan benzerli\u011finin dikkat \u00e7ekildi\u011fi video sosyal medyada k\u0131sa s\u00fcrede yay\u0131ld\u0131. Viral hale gelen g\u00f6r\u00fcnt\u00fclere Cem Y\u0131lmaz da esprili bir yan\u0131t verdi.<\/p>\n<p>Sosyal medyada yapay zek\u00e2yla yap\u0131lan bir karesini payla\u015fan \u00fcnl\u00fc komedyen \u201cFas prensi de\u011filim sadece 2 saatli\u011fine oradayd\u0131m. Bunlar oluyor, yap\u0131l\u0131yor\u201d s\u00f6zleriyle hem benzerlik iddias\u0131na g\u00f6nderme yapt\u0131 hem de takip\u00e7ilerini g\u00fcld\u00fcrd\u00fc.<\/p>\n<p>Cem Y\u0131lmaz , \u201cEr\u015fan Kuneri\u201d dizisinde canland\u0131rd\u0131\u011f\u0131 Faqbadi karakterinin foto\u011fraf\u0131n\u0131 payla\u015farak \u201cFas prensi de\u011filim\u201d dedi.<\/p>\n<p>\u00d6te yandan videodaki ki\u015finin Moulay Youssef de\u011fil Cezayirli ba\u015fa\u011fa \u015eeyh Bouaziz ben Muhammed ben Gana oldu\u011fu \u00f6ne s\u00fcr\u00fcld\u00fc.<\/p>\n<p>T\u00fcrkiye&#x27;den ve D\u00fcnya\u2019dan son dakika haberleri, k\u00f6\u015fe yaz\u0131lar\u0131, magazinden siyasete, spordan seyahate b\u00fct\u00fcn konular\u0131n tek adresi Hurriyet.com.tr haber i\u00e7erikleri izin al\u0131nmadan, kaynak g\u00f6sterilerek dahi iktibas edilemez. Kanuna ayk\u0131r\u0131 ve izinsiz olarak kopyalanamaz, ba\u015fka yerde yay\u0131nlanamaz.<\/p>\n","protected":false},"excerpt":{"rendered":"<p>\u00dcNL\u00dc komedyen Cem Y\u0131lmaz ve Fas Sultan\u0131 Moulay Youssef aras\u0131ndaki benzerlik iddias\u0131 \u015fa\u015f\u0131rtt\u0131.<\/p>\n","protected":false},"author":2,"featured_media":31628,"comment_status":"open","ping_status":"open","sticky":false,"template":"","format":"standard","meta":{"footnotes":""},"categories":[6,5],"tags":[],"class_list":["post-31629","post","type-post","status-publish","format-standard","has-post-thumbnail","hentry","category-gundem","category-son-dakika"],"_links":{"self":[{"href":"https:\/\/eskigazeteci.com\/index.php?rest_route=\/wp\/v2\/posts\/31629","targetHints":{"allow":["GET"]}}],"collection":[{"href":"https:\/\/eskigazeteci.com\/index.php?rest_route=\/wp\/v2\/posts"}],"about":[{"href":"https:\/\/eskigazeteci.com\/index.php?rest_route=\/wp\/v2\/types\/post"}],"author":[{"embeddable":true,"href":"https:\/\/eskigazeteci.com\/index.php?rest_route=\/wp\/v2\/users\/2"}],"replies":[{"embeddable":true,"href":"https:\/\/eskigazeteci.com\/index.php?rest_route=%2Fwp%2Fv2%2Fcomments&post=31629"}],"version-history":[{"count":0,"href":"https:\/\/eskigazeteci.com\/index.php?rest_route=\/wp\/v2\/posts\/31629\/revisions"}],"wp:featuredmedia":[{"embeddable":true,"href":"https:\/\/eskigazeteci.com\/index.php?rest_route=\/wp\/v2\/media\/31628"}],"wp:attachment":[{"href":"https:\/\/eskigazeteci.com\/index.php?rest_route=%2Fwp%2Fv2%2Fmedia&parent=31629"}],"wp:term":[{"taxonomy":"category","embeddable":true,"href":"https:\/\/eskigazeteci.com\/index.php?rest_route=%2Fwp%2Fv2%2Fcategories&post=31629"},{"taxonomy":"post_tag","embeddable":true,"href":"https:\/\/eskigazeteci.com\/index.php?rest_route=%2Fwp%2Fv2%2Ftags&post=31629"}],"curies":[{"name":"wp","href":"https:\/\/api.w.org\/{rel}","templated":true}]}}