{"id":31627,"date":"2026-05-02T05:02:58","date_gmt":"2026-05-02T05:02:58","guid":{"rendered":"https:\/\/eskigazeteci.com\/?p=31627"},"modified":"2026-05-02T05:02:58","modified_gmt":"2026-05-02T05:02:58","slug":"bayrampasada-plastik-malzemesi-satista-cikardigan-yangin-sonduruldu","status":"publish","type":"post","link":"https:\/\/eskigazeteci.com\/?p=31627","title":{"rendered":"Bayrampa\u015fa&#8217;da Plastik Malzemesi Sat\u0131\u015fta \u00c7\u0131kard\u0131\u011fan Yang\u0131n S\u00f6nd\u00fcr\u00fcld\u00fc"},"content":{"rendered":"<p>Bayrampa\u015fa\u2019da plastik malzeme sat\u0131\u015f\u0131 yap\u0131lan 5 katl\u0131 i\u015f yerinde \u00e7\u0131kan yang\u0131n s\u00f6nd\u00fcrd\u00fc. \u0130\u015f yerinin tamam\u0131 korunuyor ve i\u015f yerinin \u00fc\u00e7 kat\u0131 kullan\u0131lamaz hale geldi.<\/p>\n","protected":false},"excerpt":{"rendered":"<p>Plastik malzeme sat\u0131\u015f\u0131 yap\u0131lan 5 katl\u0131 i\u015f yerinde \u00e7\u0131kan yang\u0131n s\u00f6nd\u00fcr\u00fcl\u00fcyor. \u0130\u015f yerinin tamam\u0131 korunuyor.<\/p>\n","protected":false},"author":2,"featured_media":31626,"comment_status":"open","ping_status":"open","sticky":false,"template":"","format":"standard","meta":{"footnotes":""},"categories":[6,5],"tags":[],"class_list":["post-31627","post","type-post","status-publish","format-standard","has-post-thumbnail","hentry","category-gundem","category-son-dakika"],"_links":{"self":[{"href":"https:\/\/eskigazeteci.com\/index.php?rest_route=\/wp\/v2\/posts\/31627","targetHints":{"allow":["GET"]}}],"collection":[{"href":"https:\/\/eskigazeteci.com\/index.php?rest_route=\/wp\/v2\/posts"}],"about":[{"href":"https:\/\/eskigazeteci.com\/index.php?rest_route=\/wp\/v2\/types\/post"}],"author":[{"embeddable":true,"href":"https:\/\/eskigazeteci.com\/index.php?rest_route=\/wp\/v2\/users\/2"}],"replies":[{"embeddable":true,"href":"https:\/\/eskigazeteci.com\/index.php?rest_route=%2Fwp%2Fv2%2Fcomments&post=31627"}],"version-history":[{"count":0,"href":"https:\/\/eskigazeteci.com\/index.php?rest_route=\/wp\/v2\/posts\/31627\/revisions"}],"wp:featuredmedia":[{"embeddable":true,"href":"https:\/\/eskigazeteci.com\/index.php?rest_route=\/wp\/v2\/media\/31626"}],"wp:attachment":[{"href":"https:\/\/eskigazeteci.com\/index.php?rest_route=%2Fwp%2Fv2%2Fmedia&parent=31627"}],"wp:term":[{"taxonomy":"category","embeddable":true,"href":"https:\/\/eskigazeteci.com\/index.php?rest_route=%2Fwp%2Fv2%2Fcategories&post=31627"},{"taxonomy":"post_tag","embeddable":true,"href":"https:\/\/eskigazeteci.com\/index.php?rest_route=%2Fwp%2Fv2%2Ftags&post=31627"}],"curies":[{"name":"wp","href":"https:\/\/api.w.org\/{rel}","templated":true}]}}