{"id":31623,"date":"2026-05-02T05:00:32","date_gmt":"2026-05-02T05:00:32","guid":{"rendered":"https:\/\/eskigazeteci.com\/?p=31623"},"modified":"2026-05-02T05:00:32","modified_gmt":"2026-05-02T05:00:32","slug":"akgune-14-eylemden-suclama","status":"publish","type":"post","link":"https:\/\/eskigazeteci.com\/?p=31623","title":{"rendered":"Akg\u00fcn\u2019e 14 eylemden su\u00e7lama"},"content":{"rendered":"<p>93 sayfal\u0131k iddianamede, 3 ki\u015fi \u2018ma\u011fdur\u2019, Akg\u00fcn\u2019\u00fcn de aras\u0131nda bulundu\u011fu 6\u2019s\u0131 tutuklu 31 ki\u015fi ise \u2018\u015f\u00fcpheli\u2019 olarak yer ald\u0131. Akg\u00fcn\u2019\u00fcn, \u2018\u00e7\u0131kar ama\u00e7l\u0131 su\u00e7 \u00f6rg\u00fct\u00fc kurma ve y\u00f6netme\u2019, \u2018r\u00fc\u015fvet alma\u2019, \u2018icbar suretiyle irtikap\u2019 ve \u2018su\u00e7tan kaynaklanan malvarl\u0131\u011f\u0131 de\u011ferlerini aklama\u2019 iddias\u0131yla 68 y\u0131ldan 183 y\u0131la kadar hapisle cezaland\u0131r\u0131lmas\u0131 istendi. Su\u00e7tan elde edildi\u011fi de\u011ferlendirilen 13 ta\u015f\u0131nmaz\u0131n da m\u00fcsaderesine karar verilmesi talep edildi.<\/p>\n<p>\u00d6rg\u00fct taraf\u0131ndan ger\u00e7ekle\u015ftirildi\u011fi \u00f6ne s\u00fcr\u00fclen 14 eyleme yer verilen iddianamede, tutuklu B\u00fcy\u00fck\u00e7ekmece Belediye Ba\u015fkan\u0131 Hasan Akg\u00fcn \u2019\u00fcn, in\u015faat i\u015fleri ile u\u011fra\u015fan m\u00fcteahhitlerden in\u015faat ruhsat\u0131 ve isk\u00e2n i\u015flemleri kar\u015f\u0131l\u0131\u011f\u0131 daire, villa gibi taleplerde bulundu\u011fu, akrabalar\u0131 ve irtibatl\u0131 oldu\u011fu ki\u015filer \u00fczerine daire\/villa devri yapt\u0131rd\u0131\u011f\u0131 bunun kar\u015f\u0131l\u0131\u011f\u0131nda ise in\u015faatla ilgili izinlerin verildi\u011fi iddia edildi. S\u00f6z konusu daire ve villalar\u0131n ta\u015f\u0131nmaz devir i\u015flemlerinde g\u00f6stermelik para g\u00f6nderme ile yat\u0131rma i\u015flemleri yap\u0131ld\u0131ktan sonra paran\u0131n \u015f\u00fcphelilerce iade al\u0131nd\u0131\u011f\u0131 \u00f6ne s\u00fcr\u00fcld\u00fc. \u0130ddianamede, \u00f6rg\u00fct mensuplar\u0131n\u0131n maddi menfaat taleplerinin bir k\u0131sm\u0131n\u0131 B\u00fcy\u00fck\u00e7ekmece Basketbol Spor Kul\u00fcb\u00fc\u2019n\u00fc arac\u0131 kullanarak elde ettikleri, il\u00e7ede in\u015faat i\u015fleri yapan&#8230;<\/p>\n","protected":false},"excerpt":{"rendered":"<p>B\u00dcY\u00dcK\u00c7EKMECE Belediyesi\u2019ne y\u00f6nelik \u2018yolsuzluk\u2019 iddialar\u0131na ili\u015fkin \u0130stanbul Cumhuriyet Ba\u015fsavc\u0131l\u0131\u011f\u0131\u2019nca y\u00fcr\u00fct\u00fclen soru\u015fturma tamamland\u0131.<\/p>\n","protected":false},"author":2,"featured_media":31622,"comment_status":"open","ping_status":"open","sticky":false,"template":"","format":"standard","meta":{"footnotes":""},"categories":[6,5],"tags":[],"class_list":["post-31623","post","type-post","status-publish","format-standard","has-post-thumbnail","hentry","category-gundem","category-son-dakika"],"_links":{"self":[{"href":"https:\/\/eskigazeteci.com\/index.php?rest_route=\/wp\/v2\/posts\/31623","targetHints":{"allow":["GET"]}}],"collection":[{"href":"https:\/\/eskigazeteci.com\/index.php?rest_route=\/wp\/v2\/posts"}],"about":[{"href":"https:\/\/eskigazeteci.com\/index.php?rest_route=\/wp\/v2\/types\/post"}],"author":[{"embeddable":true,"href":"https:\/\/eskigazeteci.com\/index.php?rest_route=\/wp\/v2\/users\/2"}],"replies":[{"embeddable":true,"href":"https:\/\/eskigazeteci.com\/index.php?rest_route=%2Fwp%2Fv2%2Fcomments&post=31623"}],"version-history":[{"count":0,"href":"https:\/\/eskigazeteci.com\/index.php?rest_route=\/wp\/v2\/posts\/31623\/revisions"}],"wp:featuredmedia":[{"embeddable":true,"href":"https:\/\/eskigazeteci.com\/index.php?rest_route=\/wp\/v2\/media\/31622"}],"wp:attachment":[{"href":"https:\/\/eskigazeteci.com\/index.php?rest_route=%2Fwp%2Fv2%2Fmedia&parent=31623"}],"wp:term":[{"taxonomy":"category","embeddable":true,"href":"https:\/\/eskigazeteci.com\/index.php?rest_route=%2Fwp%2Fv2%2Fcategories&post=31623"},{"taxonomy":"post_tag","embeddable":true,"href":"https:\/\/eskigazeteci.com\/index.php?rest_route=%2Fwp%2Fv2%2Ftags&post=31623"}],"curies":[{"name":"wp","href":"https:\/\/api.w.org\/{rel}","templated":true}]}}