{"id":31621,"date":"2026-05-02T04:58:59","date_gmt":"2026-05-02T04:58:59","guid":{"rendered":"https:\/\/eskigazeteci.com\/?p=31621"},"modified":"2026-05-02T04:58:59","modified_gmt":"2026-05-02T04:58:59","slug":"akran-zorbaligi-sac-cekmeyi-coktan-asti-kamu-harekete-gecti","status":"publish","type":"post","link":"https:\/\/eskigazeteci.com\/?p=31621","title":{"rendered":"Akran zorbal\u0131\u011f\u0131 sa\u00e7 \u00e7ekmeyi \u00e7oktan a\u015ft\u0131\u2026 Kamu harekete ge\u00e7ti"},"content":{"rendered":"<p>TBMM Dilek\u00e7e Komisyonu b\u00fcnyesinde okullarda akran zorbal\u0131\u011f\u0131n\u0131n ara\u015ft\u0131r\u0131lmas\u0131 i\u00e7in kurulan alt komisyonun haz\u0131rlad\u0131\u011f\u0131 taslak rapor \u00f6nceki g\u00fcn kabul edildi. Komisyonun dinledi\u011fi Bakanl\u0131k uzmanlar\u0131, yap\u0131lan \u00e7al\u0131\u015fmalar\u0131 ve tespitleri \u015f\u00f6yle anlatt\u0131:<\/p>\n<p>MEVZUATLAR ARTIK YETM\u0130YOR<\/p>\n<p>Asl\u0131han \u0130lhan (Milli E\u011fitim Bakanl\u0131\u011f\u0131 E\u011fitim Politikalar\u0131 Daire Ba\u015fkan\u0131):<\/p>\n<p>2025 y\u0131l\u0131nda bir \u015fiddet alg\u0131s\u0131 ara\u015ft\u0131rmas\u0131 yapt\u0131k. \u00c7ocuklar\u0131n hangi davran\u0131\u015flar\u0131 \u015fiddet olarak de\u011ferlendirdiklerine dair. \u00c7ocuklar art\u0131k dijital d\u00fcnyada ya\u015fad\u0131klar\u0131n\u0131 ve oradaki hareketleri \u015fiddet olarak alg\u0131l\u0131yorlar. Biz sadece \u00e7ocuklar\u0131n fiziksel olarak g\u00f6sterdikleri davran\u0131\u015flar\u0131 de\u011fil, dijital d\u00fcnyadaki hareketlerini de takip edebilmeliyiz. Bu do\u011frultuda \u00f6nlemler geli\u015ftirebilmeliyiz. \u00c7ocuk Koruma Kanunumuz, kendi Milli E\u011fitim Temel Kanunumuz, \u00e7ok kapsaml\u0131 mevzuatlar\u0131m\u0131z oldu\u011funu d\u00fc\u015f\u00fcn\u00fcyorduk ama \u015fu an fark ediyoruz ki bu mevzuatlar art\u0131k bize yetmiyor. Bunlarla ilgili kurum, kurulu\u015flar\u0131n koordinasyon i\u00e7inde, i\u015fbirli\u011fi i\u00e7inde ve yeni riskleri nas\u0131l ele alabileceklerine dair kapsaml\u0131 \u00e7al\u0131\u015fmalar yap\u0131lmas\u0131 gerekti\u011fini MEB olarak \u00f6neriyoruz. Mesela, zorbal\u0131kla ilgili konuyu biz sadece okul i\u00e7indeki davran\u0131\u015flar \u00f6zelinde, \u00e7ocu\u011fun sa\u00e7\u0131n\u0131 \u00e7ekme,&#8230;<\/p>\n","protected":false},"excerpt":{"rendered":"<p>Akran zorbal\u0131\u011f\u0131n\u0131 \u00f6nlemek i\u00e7in devlet kurumlar\u0131 kollar\u0131 s\u0131vad\u0131. MEB yetkilileri, \u201cZorbal\u0131\u011f\u0131 sa\u00e7 \u00e7ekme olarak d\u00fc\u015f\u00fcn\u00fcyorduk, art\u0131k dijital risklerden&#8230;<\/p>\n","protected":false},"author":2,"featured_media":31620,"comment_status":"open","ping_status":"open","sticky":false,"template":"","format":"standard","meta":{"footnotes":""},"categories":[6,5],"tags":[],"class_list":["post-31621","post","type-post","status-publish","format-standard","has-post-thumbnail","hentry","category-gundem","category-son-dakika"],"_links":{"self":[{"href":"https:\/\/eskigazeteci.com\/index.php?rest_route=\/wp\/v2\/posts\/31621","targetHints":{"allow":["GET"]}}],"collection":[{"href":"https:\/\/eskigazeteci.com\/index.php?rest_route=\/wp\/v2\/posts"}],"about":[{"href":"https:\/\/eskigazeteci.com\/index.php?rest_route=\/wp\/v2\/types\/post"}],"author":[{"embeddable":true,"href":"https:\/\/eskigazeteci.com\/index.php?rest_route=\/wp\/v2\/users\/2"}],"replies":[{"embeddable":true,"href":"https:\/\/eskigazeteci.com\/index.php?rest_route=%2Fwp%2Fv2%2Fcomments&post=31621"}],"version-history":[{"count":0,"href":"https:\/\/eskigazeteci.com\/index.php?rest_route=\/wp\/v2\/posts\/31621\/revisions"}],"wp:featuredmedia":[{"embeddable":true,"href":"https:\/\/eskigazeteci.com\/index.php?rest_route=\/wp\/v2\/media\/31620"}],"wp:attachment":[{"href":"https:\/\/eskigazeteci.com\/index.php?rest_route=%2Fwp%2Fv2%2Fmedia&parent=31621"}],"wp:term":[{"taxonomy":"category","embeddable":true,"href":"https:\/\/eskigazeteci.com\/index.php?rest_route=%2Fwp%2Fv2%2Fcategories&post=31621"},{"taxonomy":"post_tag","embeddable":true,"href":"https:\/\/eskigazeteci.com\/index.php?rest_route=%2Fwp%2Fv2%2Ftags&post=31621"}],"curies":[{"name":"wp","href":"https:\/\/api.w.org\/{rel}","templated":true}]}}