{"id":31619,"date":"2026-05-02T04:57:25","date_gmt":"2026-05-02T04:57:25","guid":{"rendered":"https:\/\/eskigazeteci.com\/?p=31619"},"modified":"2026-05-02T04:57:25","modified_gmt":"2026-05-02T04:57:25","slug":"chp-antalya-kocabiyik-saskini","status":"publish","type":"post","link":"https:\/\/eskigazeteci.com\/?p=31619","title":{"rendered":"CHP Antalya \u2018Kocab\u0131y\u0131k\u2019 \u015fa\u015fk\u0131n\u0131"},"content":{"rendered":"<p>Tepkiler \u00fczerine CHP Genel Merkezi\u2019nden yap\u0131lan a\u00e7\u0131klamada, sosyal medya mesajlar\u0131yla tart\u0131\u015fma yaratan Arif Kocab\u0131y\u0131k \u2019\u0131n \u00fcyelik i\u015flemlerinin durduruldu\u011fu belirtildi. Antalya Elmal\u0131 do\u011fumlu Kocab\u0131y\u0131k\u2019\u0131n grup toplant\u0131s\u0131na kat\u0131larak \u00fcyelik ba\u015fvurusu yapmas\u0131ndan ve Genel Ba\u015fkan \u00d6zel taraf\u0131ndan kendisine rozet tak\u0131lmas\u0131ndan, CHP Antalya \u00f6rg\u00fct\u00fcn\u00fcn haberdar olmad\u0131\u011f\u0131 ortaya \u00e7\u0131kt\u0131. Tart\u0131\u015fma yaratan foto\u011fraf\u0131n ard\u0131ndan H\u00fcrriyet\u2019e konu\u015fan CHP Antalya \u0130l Ba\u015fkan\u0131 Nail Kamac\u0131, s\u00fcrece hi\u00e7bir \u015fekilde dahil olmad\u0131klar\u0131n\u0131 vurgulayarak \u015funlar\u0131 s\u00f6yledi:<\/p>\n<p>\u201cAnkara\u2019ya gitmi\u015f, bu i\u015fi y\u00fcr\u00fctm\u00fc\u015f. Bizim de haberimiz yok. Referans falan olmad\u0131k. Genel Merkez\u2019in, Genel Ba\u015fkan\u2019\u0131n takdiri. Ben de sizin gibi televizyondan g\u00f6rd\u00fcm.\u201d<\/p>\n<p>T\u00fcrkiye g\u00fcndeminden son dakika haberleri, bug\u00fcn ya\u015fanan en son geli\u015fmeler, siyaset g\u00fcndeminden g\u00fcncel haberler ve b\u00fct\u00fcn son dakika haberleri i\u00e7in H\u00fcrriyet&#x27;in internet haber sitesi hurriyet.com.tr; Hurriyet.com.tr haber i\u00e7erikleri kaynak g\u00f6sterilmeden al\u0131nt\u0131 yap\u0131lamaz, Kanuna ayk\u0131r\u0131 ve izinsiz olarak kopyalanamaz, ba\u015fka yerde yay\u0131nlanamaz.<\/p>\n","protected":false},"excerpt":{"rendered":"<p>KAMUOYUNDA \u201c\u0130lave TV\u201d adl\u0131 YouTube kanal\u0131yla tan\u0131nan Arif Kocab\u0131y\u0131k\u2019a, CHP Genel Ba\u015fkan\u0131 \u00d6zg\u00fcr \u00d6zel\u2019in parti rozeti takt\u0131\u011f\u0131 foto\u011fraf\u0131n yank\u0131lar\u0131 s\u00fcr\u00fcyor.<\/p>\n","protected":false},"author":2,"featured_media":31618,"comment_status":"open","ping_status":"open","sticky":false,"template":"","format":"standard","meta":{"footnotes":""},"categories":[6,5],"tags":[],"class_list":["post-31619","post","type-post","status-publish","format-standard","has-post-thumbnail","hentry","category-gundem","category-son-dakika"],"_links":{"self":[{"href":"https:\/\/eskigazeteci.com\/index.php?rest_route=\/wp\/v2\/posts\/31619","targetHints":{"allow":["GET"]}}],"collection":[{"href":"https:\/\/eskigazeteci.com\/index.php?rest_route=\/wp\/v2\/posts"}],"about":[{"href":"https:\/\/eskigazeteci.com\/index.php?rest_route=\/wp\/v2\/types\/post"}],"author":[{"embeddable":true,"href":"https:\/\/eskigazeteci.com\/index.php?rest_route=\/wp\/v2\/users\/2"}],"replies":[{"embeddable":true,"href":"https:\/\/eskigazeteci.com\/index.php?rest_route=%2Fwp%2Fv2%2Fcomments&post=31619"}],"version-history":[{"count":0,"href":"https:\/\/eskigazeteci.com\/index.php?rest_route=\/wp\/v2\/posts\/31619\/revisions"}],"wp:featuredmedia":[{"embeddable":true,"href":"https:\/\/eskigazeteci.com\/index.php?rest_route=\/wp\/v2\/media\/31618"}],"wp:attachment":[{"href":"https:\/\/eskigazeteci.com\/index.php?rest_route=%2Fwp%2Fv2%2Fmedia&parent=31619"}],"wp:term":[{"taxonomy":"category","embeddable":true,"href":"https:\/\/eskigazeteci.com\/index.php?rest_route=%2Fwp%2Fv2%2Fcategories&post=31619"},{"taxonomy":"post_tag","embeddable":true,"href":"https:\/\/eskigazeteci.com\/index.php?rest_route=%2Fwp%2Fv2%2Ftags&post=31619"}],"curies":[{"name":"wp","href":"https:\/\/api.w.org\/{rel}","templated":true}]}}