{"id":31617,"date":"2026-05-02T04:55:52","date_gmt":"2026-05-02T04:55:52","guid":{"rendered":"https:\/\/eskigazeteci.com\/?p=31617"},"modified":"2026-05-02T04:55:52","modified_gmt":"2026-05-02T04:55:52","slug":"mhpde-kurultay-7-mart-2027de","status":"publish","type":"post","link":"https:\/\/eskigazeteci.com\/?p=31617","title":{"rendered":"MHP\u2019de kurultay 7 Mart 2027\u2019de"},"content":{"rendered":"<p>Tarihi duyuran Te\u015fkilat \u0130\u015flerinden Sorumlu Genel Ba\u015fkan Yard\u0131mc\u0131s\u0131 Semih Yal\u00e7\u0131n a\u00e7\u0131klamas\u0131nda \u00f6zelte \u015f\u00f6yle dedi:<\/p>\n<p>KOPAN DALLAR KURUDU<\/p>\n<p>\u201cMHP T\u00fcrk siyasi hayat\u0131ndaki m\u00fcmtaz yerini daima muhafaza ederken, g\u00f6vdesinden kopan dallar zaman i\u00e7inde birer birer kurumu\u015ftur. MHP, bug\u00fcn de bilge lideri Devlet Bah\u00e7eli \u2019nin rehberli\u011finde T\u00fcrkiye\u2019nin girift sorunlar\u0131n\u0131n \u00e7\u00f6z\u00fcm\u00fc yolunda takip etti\u011fi isabetli ve tutarl\u0131 politikalarla g\u00f6z doldurmaktad\u0131r. Genel Ba\u015fkan\u0131m\u0131z Devlet Bah\u00e7eli, Ter\u00f6rs\u00fcz T\u00fcrkiye ad\u0131m\u0131yla ezberleri bozmakla kalmay\u0131p tabular\u0131 y\u0131km\u0131\u015ft\u0131r. Fitne ve tefrikay\u0131 etkisiz h\u00e2le getirmi\u015f, alg\u0131 oyunlar\u0131n\u0131 bo\u015fa \u00e7\u0131karm\u0131\u015ft\u0131r. Ter\u00f6rs\u00fcz T\u00fcrkiye hususunda pozitif tav\u0131r sergileyen b\u00fct\u00fcn ki\u015fi, kurum ve \u00f6rg\u00fctlerin \u015fu ana kadar ald\u0131klar\u0131 pozisyonlar\u0131 terk etmeleri \u00e2deta imk\u00e2ns\u0131zd\u0131r.\u201d<\/p>\n<p>T\u00fcrkiye g\u00fcndeminden son dakika haberleri, bug\u00fcn ya\u015fanan en son geli\u015fmeler, siyaset g\u00fcndeminden g\u00fcncel haberler ve b\u00fct\u00fcn son dakika haberleri i\u00e7in H\u00fcrriyet&#x27;in internet haber sitesi hurriyet.com.tr; Hurriyet.com.tr haber i\u00e7erikleri kaynak g\u00f6sterilmeden al\u0131nt\u0131 yap\u0131lamaz, Kanuna ayk\u0131r\u0131 ve izinsiz olarak kopyalanamaz, ba\u015fka yerde yay\u0131nlanamaz.<\/p>\n","protected":false},"excerpt":{"rendered":"<p>MHP Genel Merkezi, 15. Ola\u011fan Kurultay takvimini belirledi. \u0130l\u00e7e ve il kongrelerinin 7 May\u0131s 2026\u2019da ba\u015flat\u0131lmas\u0131 kararla\u015ft\u0131r\u0131l\u0131rken, 15. Ola\u011fan Kurultay da&#8230;<\/p>\n","protected":false},"author":2,"featured_media":31616,"comment_status":"open","ping_status":"open","sticky":false,"template":"","format":"standard","meta":{"footnotes":""},"categories":[6,5],"tags":[],"class_list":["post-31617","post","type-post","status-publish","format-standard","has-post-thumbnail","hentry","category-gundem","category-son-dakika"],"_links":{"self":[{"href":"https:\/\/eskigazeteci.com\/index.php?rest_route=\/wp\/v2\/posts\/31617","targetHints":{"allow":["GET"]}}],"collection":[{"href":"https:\/\/eskigazeteci.com\/index.php?rest_route=\/wp\/v2\/posts"}],"about":[{"href":"https:\/\/eskigazeteci.com\/index.php?rest_route=\/wp\/v2\/types\/post"}],"author":[{"embeddable":true,"href":"https:\/\/eskigazeteci.com\/index.php?rest_route=\/wp\/v2\/users\/2"}],"replies":[{"embeddable":true,"href":"https:\/\/eskigazeteci.com\/index.php?rest_route=%2Fwp%2Fv2%2Fcomments&post=31617"}],"version-history":[{"count":0,"href":"https:\/\/eskigazeteci.com\/index.php?rest_route=\/wp\/v2\/posts\/31617\/revisions"}],"wp:featuredmedia":[{"embeddable":true,"href":"https:\/\/eskigazeteci.com\/index.php?rest_route=\/wp\/v2\/media\/31616"}],"wp:attachment":[{"href":"https:\/\/eskigazeteci.com\/index.php?rest_route=%2Fwp%2Fv2%2Fmedia&parent=31617"}],"wp:term":[{"taxonomy":"category","embeddable":true,"href":"https:\/\/eskigazeteci.com\/index.php?rest_route=%2Fwp%2Fv2%2Fcategories&post=31617"},{"taxonomy":"post_tag","embeddable":true,"href":"https:\/\/eskigazeteci.com\/index.php?rest_route=%2Fwp%2Fv2%2Ftags&post=31617"}],"curies":[{"name":"wp","href":"https:\/\/api.w.org\/{rel}","templated":true}]}}