{"id":31615,"date":"2026-05-02T04:54:18","date_gmt":"2026-05-02T04:54:18","guid":{"rendered":"https:\/\/eskigazeteci.com\/?p=31615"},"modified":"2026-05-02T04:54:18","modified_gmt":"2026-05-02T04:54:18","slug":"merkelin-makyaj-faturasi-olay-cikardi","status":"publish","type":"post","link":"https:\/\/eskigazeteci.com\/?p=31615","title":{"rendered":"Merkel\u2019in makyaj faturas\u0131 olay \u00e7\u0131kard\u0131"},"content":{"rendered":"<p>Almanya \u2019da Federal h\u00fck\u00fcmetin, a\u015f\u0131r\u0131 sa\u011fc\u0131 parti AfD \u2019nin soru \u00f6nergesine verdi\u011fi yan\u0131ta g\u00f6re, 2021 y\u0131l\u0131 Aral\u0131k ay\u0131nda g\u00f6revi b\u0131rakan Merkel, halen 9 ki\u015filik bir ekiple \u00e7al\u0131\u015f\u0131yor. 2024 Temmuz\u2019undan 2026 Mart\u2019\u0131na kadar ge\u00e7en 21 ayl\u0131k d\u00f6nemde, eski ba\u015fbakan\u0131n kuaf\u00f6r ve makyaj hizmetleri i\u00e7in yap\u0131lan \u00f6demeler dikkat \u00e7ekti. Merkel\u2019in sadece stil masraf\u0131 bile, pek \u00e7ok vatanda\u015f\u0131n y\u0131ll\u0131k gelirini a\u015farken, eski ba\u015fbakan\u0131n personel giderleri de dikkat \u00e7ekti. Ge\u00e7ti\u011fimiz y\u0131l Merkel ve eski Ba\u015fbakan Olaf Scholz\u2019un personel maa\u015flar\u0131 i\u00e7in toplam 1.4 milyon Euro \u00f6dendi. 2026\u2019n\u0131n sadece ilk \u00fc\u00e7 ay\u0131nda bu rakam 408 bin Euro\u2019yu buldu. Y\u0131l sonu itibar\u0131yla personel maliyetinin en az 1.6 milyon Euro\u2019ya \u00e7\u0131kmas\u0131 bekleniyor.<\/p>\n<p>SEYAHAT MASRAFLARI DA B\u00dcT\u00c7EDEN KAR\u015eILANIYOR<\/p>\n<p>Eski ba\u015fbakan\u0131n seyahat masraflar\u0131 da dikkat \u00e7ekici. Merkel , Temmuz 2024-Mart 2026 aras\u0131nda ger\u00e7ekle\u015ftirdi\u011fi 9 seyahatte 10 bin 558 Euro harcad\u0131. Paris\u2019te Fransa Cumhurba\u015fkan\u0131 Emmanuel Macron ile yap\u0131lan bir toplant\u0131, Tel Aviv\u2019de bir \u00f6d\u00fcl t\u00f6reni bu seyahatler aras\u0131nda yer al\u0131yor. Merkel\u2019in, CDU\u2019nun D\u00fcsseldorf\u2019taki y\u0131lba\u015f\u0131 resepsiyonuna ve Stuttgart\u2019taki parti kongresine kat\u0131l\u0131m\u0131 da vergi m\u00fckelleflerine fatura edildi.<\/p>\n<p>May\u0131s 2025\u2019te g\u00f6revi&#8230;<\/p>\n","protected":false},"excerpt":{"rendered":"<p>Almanya\u2019da eski ba\u015fbakan Angela Merkel\u2019in sa\u00e7 ve makyaj masraf\u0131n\u0131n son 1.5 y\u0131lda yakla\u015f\u0131k 65 bin Euro\u2019ya ula\u015fmas\u0131 tart\u0131\u015fma konusu oldu.<\/p>\n","protected":false},"author":2,"featured_media":31614,"comment_status":"open","ping_status":"open","sticky":false,"template":"","format":"standard","meta":{"footnotes":""},"categories":[6,5],"tags":[],"class_list":["post-31615","post","type-post","status-publish","format-standard","has-post-thumbnail","hentry","category-gundem","category-son-dakika"],"_links":{"self":[{"href":"https:\/\/eskigazeteci.com\/index.php?rest_route=\/wp\/v2\/posts\/31615","targetHints":{"allow":["GET"]}}],"collection":[{"href":"https:\/\/eskigazeteci.com\/index.php?rest_route=\/wp\/v2\/posts"}],"about":[{"href":"https:\/\/eskigazeteci.com\/index.php?rest_route=\/wp\/v2\/types\/post"}],"author":[{"embeddable":true,"href":"https:\/\/eskigazeteci.com\/index.php?rest_route=\/wp\/v2\/users\/2"}],"replies":[{"embeddable":true,"href":"https:\/\/eskigazeteci.com\/index.php?rest_route=%2Fwp%2Fv2%2Fcomments&post=31615"}],"version-history":[{"count":0,"href":"https:\/\/eskigazeteci.com\/index.php?rest_route=\/wp\/v2\/posts\/31615\/revisions"}],"wp:featuredmedia":[{"embeddable":true,"href":"https:\/\/eskigazeteci.com\/index.php?rest_route=\/wp\/v2\/media\/31614"}],"wp:attachment":[{"href":"https:\/\/eskigazeteci.com\/index.php?rest_route=%2Fwp%2Fv2%2Fmedia&parent=31615"}],"wp:term":[{"taxonomy":"category","embeddable":true,"href":"https:\/\/eskigazeteci.com\/index.php?rest_route=%2Fwp%2Fv2%2Fcategories&post=31615"},{"taxonomy":"post_tag","embeddable":true,"href":"https:\/\/eskigazeteci.com\/index.php?rest_route=%2Fwp%2Fv2%2Ftags&post=31615"}],"curies":[{"name":"wp","href":"https:\/\/api.w.org\/{rel}","templated":true}]}}