{"id":31613,"date":"2026-05-02T04:52:46","date_gmt":"2026-05-02T04:52:46","guid":{"rendered":"https:\/\/eskigazeteci.com\/?p=31613"},"modified":"2026-05-02T04:52:46","modified_gmt":"2026-05-02T04:52:46","slug":"intihar-mektubu-iddiasi","status":"publish","type":"post","link":"https:\/\/eskigazeteci.com\/?p=31613","title":{"rendered":"\u0130ntihar mektubu iddias\u0131"},"content":{"rendered":"<p>New York Times\u2019\u0131n haberine g\u00f6re Epstein \u2019in hapishanedeki h\u00fccre arkada\u015f\u0131 Nicholas Tartaglione, Epstein \u00f6lmeden birka\u00e7 hafta \u00f6nceki intihar giri\u015fiminin ard\u0131ndan, bir \u00e7izgi roman\u0131n aras\u0131nda \u201cintihar mektubu\u201d olarak de\u011ferlendirilebilecek bir not buldu.<\/p>\n<p>\u201cNe yapmam\u0131 istiyorsunuz, a\u011flay\u0131p s\u0131zlayay\u0131m m\u0131? Veda vakti geldi\u201d ifadesinin yer ald\u0131\u011f\u0131 not, federal yarg\u0131\u00e7 taraf\u0131ndan Tartaglione\u2019nin kendi ceza davas\u0131n\u0131n bir par\u00e7as\u0131 olarak m\u00fch\u00fcrlendi ve y\u0131llarca New York\u2019taki bir adliyede kilit alt\u0131nda tutuldu.<\/p>\n<p>Yurtd\u0131\u015f\u0131nda ya\u015fanan en son olaylar, d\u00fcnya g\u00fcndemine oturan d\u0131\u015f haberler, son dakika d\u00fcnya haberleri, di\u011fer d\u00fcnya \u00fclkelerinden g\u00fcncel haberler i\u00e7in T\u00fcrkiye&#x27;nin haber sitesi hurriyet.com.tr; Hurriyet.com.tr haber i\u00e7erikleri kaynak g\u00f6sterilmeden al\u0131nt\u0131 yap\u0131lamaz, Kanuna ayk\u0131r\u0131 ve izinsiz olarak kopyalanamaz, ba\u015fka yerde yay\u0131nlanamaz.<\/p>\n","protected":false},"excerpt":{"rendered":"<p>ABD\u2019de k\u0131z \u00e7ocuklar\u0131na y\u00f6nelik fuhu\u015f a\u011f\u0131 kurdu\u011fu iddias\u0131yla yarg\u0131lan\u0131rken 2019 y\u0131l\u0131nda hapishanede \u00f6l\u00fc bulunan pedofili milyarder Jeffrey Epstein\u2019in \u00f6l\u00fcm\u00fcyle&#8230;<\/p>\n","protected":false},"author":2,"featured_media":31612,"comment_status":"open","ping_status":"open","sticky":false,"template":"","format":"standard","meta":{"footnotes":""},"categories":[6,5],"tags":[],"class_list":["post-31613","post","type-post","status-publish","format-standard","has-post-thumbnail","hentry","category-gundem","category-son-dakika"],"_links":{"self":[{"href":"https:\/\/eskigazeteci.com\/index.php?rest_route=\/wp\/v2\/posts\/31613","targetHints":{"allow":["GET"]}}],"collection":[{"href":"https:\/\/eskigazeteci.com\/index.php?rest_route=\/wp\/v2\/posts"}],"about":[{"href":"https:\/\/eskigazeteci.com\/index.php?rest_route=\/wp\/v2\/types\/post"}],"author":[{"embeddable":true,"href":"https:\/\/eskigazeteci.com\/index.php?rest_route=\/wp\/v2\/users\/2"}],"replies":[{"embeddable":true,"href":"https:\/\/eskigazeteci.com\/index.php?rest_route=%2Fwp%2Fv2%2Fcomments&post=31613"}],"version-history":[{"count":0,"href":"https:\/\/eskigazeteci.com\/index.php?rest_route=\/wp\/v2\/posts\/31613\/revisions"}],"wp:featuredmedia":[{"embeddable":true,"href":"https:\/\/eskigazeteci.com\/index.php?rest_route=\/wp\/v2\/media\/31612"}],"wp:attachment":[{"href":"https:\/\/eskigazeteci.com\/index.php?rest_route=%2Fwp%2Fv2%2Fmedia&parent=31613"}],"wp:term":[{"taxonomy":"category","embeddable":true,"href":"https:\/\/eskigazeteci.com\/index.php?rest_route=%2Fwp%2Fv2%2Fcategories&post=31613"},{"taxonomy":"post_tag","embeddable":true,"href":"https:\/\/eskigazeteci.com\/index.php?rest_route=%2Fwp%2Fv2%2Ftags&post=31613"}],"curies":[{"name":"wp","href":"https:\/\/api.w.org\/{rel}","templated":true}]}}