{"id":31611,"date":"2026-05-02T04:51:15","date_gmt":"2026-05-02T04:51:15","guid":{"rendered":"https:\/\/eskigazeteci.com\/?p=31611"},"modified":"2026-05-02T04:51:15","modified_gmt":"2026-05-02T04:51:15","slug":"trump-kongreye-savas-bitti-dedi-ama-masada-teklif-namluda-fuze","status":"publish","type":"post","link":"https:\/\/eskigazeteci.com\/?p=31611","title":{"rendered":"Trump kongre\u2019ye \u2018sava\u015f bitti\u2019 dedi ama&#8230; Masada teklif namluda f\u00fcze"},"content":{"rendered":"<p>ABD ve \u0130ran\u2019\u0131n nihai bar\u0131\u015f i\u00e7in geri ad\u0131m atmamas\u0131yla \u201cne sava\u015f ne bar\u0131\u015f\u201d durumu devam ederken, ABD Ba\u015fkan\u0131 Donald Trump Kongre\u2019ye \u201csava\u015f sona erdi\u201d bildirimi yapt\u0131. Sava\u015f Yetkileri Yasas\u0131 kapsam\u0131nda y\u00f6netime Kongre onay\u0131 olmadan tan\u0131nan operasyon yetkisinin son g\u00fcn\u00fc 1 May\u0131s\u2019ta g\u00f6nderilen bildirim mektubu, Trump y\u00f6netiminin sava\u015f\u0131 s\u00fcrd\u00fcrmek i\u00e7in almak zorunda oldu\u011fu Kongre onay\u0131n\u0131 a\u015fmaya y\u00f6nelik bir ad\u0131m olarak de\u011ferlendiriliyor. Nitekim hem Trump\u2019\u0131n a\u00e7\u0131klamalar\u0131 hem de kulislerden gelen bilgiler Washington y\u00f6netimi i\u00e7in sava\u015f\u0131n nihayete erdi\u011fine i\u015faret etmiyor.<\/p>\n<p>SAVA\u015e B\u0130TT\u0130 AMA B\u0130TMED\u0130<\/p>\n<p>Trump Kongre\u2019ye g\u00f6nderdi\u011fi mektupta \u0130ran\u2019la d\u00fc\u015fmanl\u0131\u011f\u0131n \u201csona erdi\u011fini\u201d \u00f6ne s\u00fcrerek, bu durum i\u00e7in yeni bir sava\u015f yetkisine ihtiya\u00e7 duyulmad\u0131\u011f\u0131n\u0131 belirtti. \u201c\u0130ran\u2019\u0131n ABD ve Silahl\u0131 Kuvvetlerimiz i\u00e7in olu\u015fturdu\u011fu tehdit \u00f6nemli olmaya devam etmektedir.\u201d de\u011ferlendirmesinin de bulundu\u011fu mektupta, Savunma Bakanl\u0131\u011f\u0131\u2019n\u0131n \u201cgerekli g\u00f6r\u00fcld\u00fc\u011f\u00fc takdirde g\u00f6rev b\u00f6lgesindeki kuvvet yap\u0131s\u0131n\u0131 g\u00fcncellemeye devam edece\u011fi\u201d kaydedildi. Mektuptaki bu ifadeler Trump y\u00f6netimi i\u00e7in sava\u015f\u0131n \u201cbitmedi\u011fi\u201d y\u00f6n\u00fcnde yorumland\u0131.<\/p>\n<p>TRUMP: ANLA\u015eMA ZOR<\/p>\n<p>Nitekim Trump\u2019\u0131n Beyaz Saray\u2019da gazetecilere verdi\u011fi deme\u00e7te, \u0130ran\u2019a herhangi bir&#8230;<\/p>\n","protected":false},"excerpt":{"rendered":"<p>ABD\u2019de Donald Trump y\u00f6netimi Kongre\u2019ye 60 g\u00fcnl\u00fck operasyon s\u00fcresinin dolmas\u0131yla birlikte \u201csava\u015f bitti\u201d bildirimi yapt\u0131. Ancak bu ad\u0131m Trump\u2019\u0131n anayasaya&#8230;<\/p>\n","protected":false},"author":2,"featured_media":31610,"comment_status":"open","ping_status":"open","sticky":false,"template":"","format":"standard","meta":{"footnotes":""},"categories":[6,5],"tags":[],"class_list":["post-31611","post","type-post","status-publish","format-standard","has-post-thumbnail","hentry","category-gundem","category-son-dakika"],"_links":{"self":[{"href":"https:\/\/eskigazeteci.com\/index.php?rest_route=\/wp\/v2\/posts\/31611","targetHints":{"allow":["GET"]}}],"collection":[{"href":"https:\/\/eskigazeteci.com\/index.php?rest_route=\/wp\/v2\/posts"}],"about":[{"href":"https:\/\/eskigazeteci.com\/index.php?rest_route=\/wp\/v2\/types\/post"}],"author":[{"embeddable":true,"href":"https:\/\/eskigazeteci.com\/index.php?rest_route=\/wp\/v2\/users\/2"}],"replies":[{"embeddable":true,"href":"https:\/\/eskigazeteci.com\/index.php?rest_route=%2Fwp%2Fv2%2Fcomments&post=31611"}],"version-history":[{"count":0,"href":"https:\/\/eskigazeteci.com\/index.php?rest_route=\/wp\/v2\/posts\/31611\/revisions"}],"wp:featuredmedia":[{"embeddable":true,"href":"https:\/\/eskigazeteci.com\/index.php?rest_route=\/wp\/v2\/media\/31610"}],"wp:attachment":[{"href":"https:\/\/eskigazeteci.com\/index.php?rest_route=%2Fwp%2Fv2%2Fmedia&parent=31611"}],"wp:term":[{"taxonomy":"category","embeddable":true,"href":"https:\/\/eskigazeteci.com\/index.php?rest_route=%2Fwp%2Fv2%2Fcategories&post=31611"},{"taxonomy":"post_tag","embeddable":true,"href":"https:\/\/eskigazeteci.com\/index.php?rest_route=%2Fwp%2Fv2%2Ftags&post=31611"}],"curies":[{"name":"wp","href":"https:\/\/api.w.org\/{rel}","templated":true}]}}