{"id":31609,"date":"2026-05-02T04:49:43","date_gmt":"2026-05-02T04:49:43","guid":{"rendered":"https:\/\/eskigazeteci.com\/?p=31609"},"modified":"2026-05-02T04:49:43","modified_gmt":"2026-05-02T04:49:43","slug":"fransa-skandal-aciklamayi-duzeltti-macron-turkiyeyi-kast-etmedi","status":"publish","type":"post","link":"https:\/\/eskigazeteci.com\/?p=31609","title":{"rendered":"Fransa skandal a\u00e7\u0131klamay\u0131 d\u00fczeltti: \u2018Macron T\u00fcrkiye\u2019yi kast etmedi\u2019"},"content":{"rendered":"<p>Fransa Cumhurba\u015fkan\u0131 Emmanuel Macron\u2019un 25 Nisan\u2019da Atina\u2019da Yunanistan Ba\u015fbakan\u0131 Kiriakos Mi\u00e7otakis ile kat\u0131ld\u0131\u011f\u0131 a\u00e7\u0131k oturumda, T\u00fcrkiye\u2019nin ad\u0131n\u0131 anmadan Fransa\u2019n\u0131n olas\u0131 bir \u201ctehdit\u201d durumunda Yunanistan\u2019\u0131n yan\u0131nda duraca\u011f\u0131n\u0131 a\u00e7\u0131klamas\u0131n\u0131n ard\u0131ndan Paris\u2019ten geri ad\u0131m geldi.<\/p>\n<p>HEDEF T\u00dcRK\u0130YE DE\u011e\u0130LM\u0130\u015e<\/p>\n<p>Fransa D\u0131\u015fi\u015fleri Bakanl\u0131\u011f\u0131\u2019n\u0131n haftal\u0131k bas\u0131n toplant\u0131s\u0131nda CNN T\u00fcrk muhabiri Arzu Morin\u2019in sorular\u0131n\u0131 yan\u0131tlayan D\u0131\u015fi\u015fleri S\u00f6zc\u00fcs\u00fc Pascal Confavreux, Macron\u2019un s\u00f6zlerinin T\u00fcrkiye\u2019yi hedef almad\u0131\u011f\u0131n\u0131 savundu. \u201cCumhurba\u015fkan\u0131\u2019n\u0131n s\u00f6zleri ilkesel bir \u00e7er\u00e7evede sarf edildi; bir Avrupa topraklar\u0131na y\u00f6nelik sald\u0131r\u0131 s\u00f6z konusu oldu\u011funda, t\u00fcm m\u00fcttefiklerimiz ve ortaklar\u0131m\u0131z i\u00e7in yan\u0131t ayn\u0131d\u0131r\u201d diye konu\u015fan s\u00f6zc\u00fc, Macron\u2019un herhangi bir \u00fclkeyi \u00f6zellikle hedef almad\u0131\u011f\u0131n\u0131 \u00f6ne s\u00fcrd\u00fc. T\u00fcrkiye ile Yunanistan aras\u0131nda devam eden diyalo\u011fu desteklediklerini belirten s\u00f6zc\u00fc, Yunan bas\u0131n\u0131nda yer alan \u201cAnkara\u2019ya net mesaj\u201d yorumlar\u0131 hakk\u0131nda ise, \u201cBiz buraya bas\u0131n yorumcular\u0131 hakk\u0131nda de\u011ferlendirme yapmaya gelmedik\u201d de\u011ferlendirmesinde bulundu.<\/p>\n<p>S\u00d6ZLER\u0130 TEPK\u0130 \u00c7EKM\u0130\u015eT\u0130<\/p>\n<p>Cumhurba\u015fkan\u0131 Macron, s\u00f6zkonusu oturumda \u201c T\u00fcrkiye \u2019nin Ege Denizi\u2019nde Yunanistan\u2019\u0131n egemenli\u011fine kar\u015f\u0131 bir ad\u0131m atmas\u0131 durumunda Fransa&#8230;<\/p>\n","protected":false},"excerpt":{"rendered":"<p>Macron\u2019un Yunanistan\u2019a \u201ctehdit durumunda yan\u0131n\u0131zday\u0131z\u201d mesaj\u0131n\u0131n tepki \u00e7ekmesinin ard\u0131ndan, Paris y\u00f6netimi geri ad\u0131m atarak a\u00e7\u0131klaman\u0131n T\u00fcrkiye\u2019yi hedef&#8230;<\/p>\n","protected":false},"author":2,"featured_media":31608,"comment_status":"open","ping_status":"open","sticky":false,"template":"","format":"standard","meta":{"footnotes":""},"categories":[6,5],"tags":[],"class_list":["post-31609","post","type-post","status-publish","format-standard","has-post-thumbnail","hentry","category-gundem","category-son-dakika"],"_links":{"self":[{"href":"https:\/\/eskigazeteci.com\/index.php?rest_route=\/wp\/v2\/posts\/31609","targetHints":{"allow":["GET"]}}],"collection":[{"href":"https:\/\/eskigazeteci.com\/index.php?rest_route=\/wp\/v2\/posts"}],"about":[{"href":"https:\/\/eskigazeteci.com\/index.php?rest_route=\/wp\/v2\/types\/post"}],"author":[{"embeddable":true,"href":"https:\/\/eskigazeteci.com\/index.php?rest_route=\/wp\/v2\/users\/2"}],"replies":[{"embeddable":true,"href":"https:\/\/eskigazeteci.com\/index.php?rest_route=%2Fwp%2Fv2%2Fcomments&post=31609"}],"version-history":[{"count":0,"href":"https:\/\/eskigazeteci.com\/index.php?rest_route=\/wp\/v2\/posts\/31609\/revisions"}],"wp:featuredmedia":[{"embeddable":true,"href":"https:\/\/eskigazeteci.com\/index.php?rest_route=\/wp\/v2\/media\/31608"}],"wp:attachment":[{"href":"https:\/\/eskigazeteci.com\/index.php?rest_route=%2Fwp%2Fv2%2Fmedia&parent=31609"}],"wp:term":[{"taxonomy":"category","embeddable":true,"href":"https:\/\/eskigazeteci.com\/index.php?rest_route=%2Fwp%2Fv2%2Fcategories&post=31609"},{"taxonomy":"post_tag","embeddable":true,"href":"https:\/\/eskigazeteci.com\/index.php?rest_route=%2Fwp%2Fv2%2Ftags&post=31609"}],"curies":[{"name":"wp","href":"https:\/\/api.w.org\/{rel}","templated":true}]}}