{"id":316,"date":"2026-02-09T11:33:34","date_gmt":"2026-02-09T11:33:34","guid":{"rendered":"https:\/\/eskigazeteci.com\/?p=316"},"modified":"2026-02-09T11:33:34","modified_gmt":"2026-02-09T11:33:34","slug":"haber-133","status":"publish","type":"post","link":"https:\/\/eskigazeteci.com\/?p=316","title":{"rendered":"Haber"},"content":{"rendered":"<p>Avc\u0131lar Firuzk\u00f6y&#x27;de, 24 Mart 2025 tarihinde, 19 ya\u015f\u0131ndaki Onur S\u00f6nmemi\u015f&#x27;in hayat\u0131n\u0131 kaybetmesiyle sonu\u00e7lanan t\u0131r kazas\u0131na ili\u015fkin soru\u015fturma tamamland\u0131. K\u00fc\u00e7\u00fck\u00e7ekmece Cumhuriyet Ba\u015fsavc\u0131l\u0131\u011f\u0131&#x27;nca haz\u0131rlanan iddianamede, hayat\u0131n\u0131 kaybeden Onur S\u00f6nmemi\u015f \u2018maktul&#x27;, ac\u0131l\u0131 baba Yusuf Ziya S\u00f6nmemi\u015f \u2018m\u00fc\u015fteki&#x27; t\u0131r \u015fof\u00f6r\u00fc H\u00fcseyin Sara\u00e7 (39) ise \u2018\u015f\u00fcpheli&#x27; s\u0131fat\u0131yla yer ald\u0131. \u0130ddianamede, maktul S\u00f6nmemi\u015f&#x27;in sevk ve idaresindeki motosikletin kazaya kar\u0131\u015ft\u0131\u011f\u0131, kaza sonucu hayat\u0131n\u0131 kaybetmesi sonucu soru\u015fturma ba\u015flat\u0131ld\u0131\u011f\u0131 aktar\u0131ld\u0131.<\/p>\n<p>SANI\u011eIN TAKS\u0130R DERECES\u0130NDE KUSURLU OLDU\u011eU BEL\u0130RT\u0130LD\u0130<\/p>\n<p>Olaya ili\u015fkin al\u0131nan trafik bilirki\u015fi raporuna yer verilen iddianamede, \u015f\u00fcphelinin \u2018manevralar\u0131 d\u00fczenleyen genel \u015fartlara uymama&#x27; sebebiyle asli kusurlu oldu\u011fu, maktul\u00fcn ise \u2018dikkatsiz ve tedbirsiz ara\u00e7 sevk ve idare&#x27; etti\u011fi i\u00e7in tali olarak kusurlu bulundu\u011fu belirtildi. \u0130ddianamede, bilirki\u015fi raporunun yan\u0131 s\u0131ra Adli T\u0131p Kurumu (ATK) taraf\u0131ndan al\u0131nan raporda da ayn\u0131 \u015fekilde de\u011ferlendirme yap\u0131ld\u0131\u011f\u0131 bilgisi yer ald\u0131. Rapora g\u00f6re hayat\u0131n\u0131 kaybeden Onur S\u00f6nmemi\u015f&#x27;in genel beden travmas\u0131na ba\u011fl\u0131 beyin kanamas\u0131 ve i\u00e7 organ yaralanmas\u0131ndan dolay\u0131 meydana geldi\u011fi anlat\u0131ld\u0131. \u0130ddianamede, san\u0131k H\u00fcseyin Sara\u00e7&#x27;\u0131n savc\u0131l\u0131kta al\u0131nan ifadesinde, kazada bir kusurunun olmad\u0131\u011f\u0131n\u0131, \u00fczerine at\u0131l\u0131 su\u00e7lamay\u0131 kabul etmedi\u011fini belirtti\u011fi ancak al\u0131nan trafik bilirki\u015fi raporunda san\u0131\u011f\u0131n kusurunun sabit oldu\u011fu, sevk ve idaresindeki ara\u00e7la seyir halindeyken manevralar\u0131 d\u00fczenleyen genel \u015fartlara uymama hareketiyle taksir derecesinde kusurlu oldu\u011fu ve hakk\u0131nda dava a\u00e7maya yeterli delilin bulundu\u011fu belirtildi.<\/p>\n<p>2 YILDAN 6 YILA KADAR HAP\u0130S TALEB\u0130<\/p>\n<p>Haz\u0131rlanan iddianamede, san\u0131k H\u00fcseyin Sara\u00e7 hakk\u0131nda \u2018taksirle \u00f6l\u00fcme neden olma&#x27; su\u00e7undan 2 y\u0131ldan 6 y\u0131la kadar hapis cezas\u0131yla cezaland\u0131r\u0131lmas\u0131 talep edildi. Haz\u0131rlanan iddianame, K\u00fc\u00e7\u00fck\u00e7ekmece 16. Asliye Ceza Mahkemesi taraf\u0131ndan kabul edildi. San\u0131\u011f\u0131n yarg\u0131lanmas\u0131na \u00f6n\u00fcm\u00fczdeki g\u00fcnlerde ba\u015flanacak. \u00d6te yandan kaza an\u0131 g\u00fcvenlik kameralar\u0131na yans\u0131m\u0131\u015ft\u0131.<\/p>\n<p>T\u00fcrkiye g\u00fcndeminden son dakika haberleri, bug\u00fcn ya\u015fanan en son geli\u015fmeler, siyaset g\u00fcndeminden g\u00fcncel haberler ve b\u00fct\u00fcn son dakika haberleri i\u00e7in H\u00fcrriyet&#x27;in internet haber sitesi hurriyet.com.tr; Hurriyet.com.tr haber i\u00e7erikleri kaynak g\u00f6sterilmeden al\u0131nt\u0131 yap\u0131lamaz, Kanuna ayk\u0131r\u0131 ve izinsiz olarak kopyalanamaz, ba\u015fka yerde yay\u0131nlanamaz.<\/p>\n","protected":false},"excerpt":{"rendered":"<p>Avc\u0131lar&#8217;da, 19 ya\u015f\u0131ndaki Onur S\u00f6nmemi\u015f&#8217;in hayat\u0131n\u0131 kaybetmesiyle sonu\u00e7lanan t\u0131r kazas\u0131na ili\u015fkin y\u00fcr\u00fct\u00fclen soru\u015fturma tamamland\u0131. G\u00fcvenlik kameralar\u0131na&#8230;<\/p>\n","protected":false},"author":2,"featured_media":315,"comment_status":"open","ping_status":"open","sticky":false,"template":"","format":"standard","meta":{"footnotes":""},"categories":[8,3],"tags":[],"class_list":["post-316","post","type-post","status-publish","format-standard","has-post-thumbnail","hentry","category-arsiv","category-siyaset"],"_links":{"self":[{"href":"https:\/\/eskigazeteci.com\/index.php?rest_route=\/wp\/v2\/posts\/316","targetHints":{"allow":["GET"]}}],"collection":[{"href":"https:\/\/eskigazeteci.com\/index.php?rest_route=\/wp\/v2\/posts"}],"about":[{"href":"https:\/\/eskigazeteci.com\/index.php?rest_route=\/wp\/v2\/types\/post"}],"author":[{"embeddable":true,"href":"https:\/\/eskigazeteci.com\/index.php?rest_route=\/wp\/v2\/users\/2"}],"replies":[{"embeddable":true,"href":"https:\/\/eskigazeteci.com\/index.php?rest_route=%2Fwp%2Fv2%2Fcomments&post=316"}],"version-history":[{"count":0,"href":"https:\/\/eskigazeteci.com\/index.php?rest_route=\/wp\/v2\/posts\/316\/revisions"}],"wp:featuredmedia":[{"embeddable":true,"href":"https:\/\/eskigazeteci.com\/index.php?rest_route=\/wp\/v2\/media\/315"}],"wp:attachment":[{"href":"https:\/\/eskigazeteci.com\/index.php?rest_route=%2Fwp%2Fv2%2Fmedia&parent=316"}],"wp:term":[{"taxonomy":"category","embeddable":true,"href":"https:\/\/eskigazeteci.com\/index.php?rest_route=%2Fwp%2Fv2%2Fcategories&post=316"},{"taxonomy":"post_tag","embeddable":true,"href":"https:\/\/eskigazeteci.com\/index.php?rest_route=%2Fwp%2Fv2%2Ftags&post=316"}],"curies":[{"name":"wp","href":"https:\/\/api.w.org\/{rel}","templated":true}]}}