{"id":31599,"date":"2026-05-02T04:42:31","date_gmt":"2026-05-02T04:42:31","guid":{"rendered":"https:\/\/eskigazeteci.com\/?p=31599"},"modified":"2026-05-02T04:42:31","modified_gmt":"2026-05-02T04:42:31","slug":"turizme-nefes-aldiracak-destek-yuzde-1e-indirilen-konaklama-vergisi-isletmelerin-yukunu-hafifletecek","status":"publish","type":"post","link":"https:\/\/eskigazeteci.com\/?p=31599","title":{"rendered":"Turizme nefes ald\u0131racak destek! Y\u00fczde 1\u2019e indirilen konaklama vergisi i\u015fletmelerin y\u00fck\u00fcn\u00fc hafifletecek"},"content":{"rendered":"<p>Otel ve konaklama tesislerinde geceleme bedeli \u00fczerinden al\u0131nan konaklama vergisi oran\u0131 y\u00fczde 2\u2019den y\u00fczde 1\u2019e indirildi. Yeni oran 31 Aral\u0131k 2026\u2019ya kadar uygulanacak. 6802 say\u0131l\u0131 Gider Vergileri Kanunu\u2019nun 34\u2019\u00fcnc\u00fc maddesinin 5\u2019inci f\u0131kras\u0131nda belirtilen vergi oran\u0131n\u0131n yeniden belirlenmesi hakk\u0131ndaki Cumhurba\u015fkan\u0131 Karar\u0131 d\u00fcn Resmi Gazete\u2019de yay\u0131mlanarak y\u00fcr\u00fcrl\u00fc\u011fe girdi.<\/p>\n<p>ABD ve \u0130srail\u2019in \u0130ran sald\u0131r\u0131lar\u0131n\u0131n yaratt\u0131\u011f\u0131 jeopolitik gerilimler, \u00e7at\u0131\u015fma s\u00fcrecindeki belirsizlik ve artan enerji fiyatlar\u0131 turistik seyahatleri de etkiliyor. Sava\u015f\u0131n turizme do\u011frudan yans\u0131d\u0131\u011f\u0131n\u0131 ve talepte yava\u015flama oldu\u011funu belirten turizmciler ise KDV indirimi talebinde bulunmu\u015flard\u0131. Turizmcilerin vergi indirimi \u00e7a\u011fr\u0131lar\u0131 ilk olarak konaklama vergisinde yap\u0131lan indirim ile kar\u015f\u0131l\u0131k buldu. Sekt\u00f6r temsilcileri, maliyet bask\u0131s\u0131n\u0131n s\u00fcrd\u00fc\u011f\u00fc bu d\u00f6nemde, al\u0131nan karar\u0131n i\u015fletmeler \u00fczerindeki mali y\u00fck\u00fc hafifletebilece\u011fini belirtiyor.<\/p>\n<p>MAL\u0130YET Y\u00dcK\u00dcN\u00dc HAF\u0130FLETECEK<\/p>\n<p>T\u00fcrkiye Otelciler Birli\u011fi (T\u00dcROB) Ba\u015fkan\u0131 M\u00fcberra Eresin, konaklama vergisinin y\u00fczde 1\u2019e indirilmesini memnuniyetle kar\u015f\u0131lad\u0131klar\u0131n\u0131 belirtti. Eresin, \u201cD\u00fczenlemenin, i\u015fletmelerimizin maliyet y\u00fck\u00fcn\u00fc hafifleterek istihdam\u0131n korunmas\u0131na katk\u0131 sa\u011flayaca\u011f\u0131n\u0131&#8230;<\/p>\n","protected":false},"excerpt":{"rendered":"<p>Ortado\u011fu\u2019daki sava\u015f\u0131n yaratt\u0131\u011f\u0131 jeopolitik gerilimlerle maliyet bask\u0131s\u0131 alt\u0131ndaki turizm sekt\u00f6r\u00fcne bir destek daha geldi. Finansmana eri\u015fimi kolayla\u015ft\u0131rmak&#8230;<\/p>\n","protected":false},"author":2,"featured_media":31598,"comment_status":"open","ping_status":"open","sticky":false,"template":"","format":"standard","meta":{"footnotes":""},"categories":[6,5],"tags":[],"class_list":["post-31599","post","type-post","status-publish","format-standard","has-post-thumbnail","hentry","category-gundem","category-son-dakika"],"_links":{"self":[{"href":"https:\/\/eskigazeteci.com\/index.php?rest_route=\/wp\/v2\/posts\/31599","targetHints":{"allow":["GET"]}}],"collection":[{"href":"https:\/\/eskigazeteci.com\/index.php?rest_route=\/wp\/v2\/posts"}],"about":[{"href":"https:\/\/eskigazeteci.com\/index.php?rest_route=\/wp\/v2\/types\/post"}],"author":[{"embeddable":true,"href":"https:\/\/eskigazeteci.com\/index.php?rest_route=\/wp\/v2\/users\/2"}],"replies":[{"embeddable":true,"href":"https:\/\/eskigazeteci.com\/index.php?rest_route=%2Fwp%2Fv2%2Fcomments&post=31599"}],"version-history":[{"count":0,"href":"https:\/\/eskigazeteci.com\/index.php?rest_route=\/wp\/v2\/posts\/31599\/revisions"}],"wp:featuredmedia":[{"embeddable":true,"href":"https:\/\/eskigazeteci.com\/index.php?rest_route=\/wp\/v2\/media\/31598"}],"wp:attachment":[{"href":"https:\/\/eskigazeteci.com\/index.php?rest_route=%2Fwp%2Fv2%2Fmedia&parent=31599"}],"wp:term":[{"taxonomy":"category","embeddable":true,"href":"https:\/\/eskigazeteci.com\/index.php?rest_route=%2Fwp%2Fv2%2Fcategories&post=31599"},{"taxonomy":"post_tag","embeddable":true,"href":"https:\/\/eskigazeteci.com\/index.php?rest_route=%2Fwp%2Fv2%2Ftags&post=31599"}],"curies":[{"name":"wp","href":"https:\/\/api.w.org\/{rel}","templated":true}]}}