{"id":31593,"date":"2026-05-02T04:38:08","date_gmt":"2026-05-02T04:38:08","guid":{"rendered":"https:\/\/eskigazeteci.com\/?p=31593"},"modified":"2026-05-02T04:38:08","modified_gmt":"2026-05-02T04:38:08","slug":"cehennem-necatiye-buyuk-darbe-780-milyon-tllik-mal-varligina-el-koyuldu","status":"publish","type":"post","link":"https:\/\/eskigazeteci.com\/?p=31593","title":{"rendered":"Cehennem Necati\u2019ye b\u00fcy\u00fck darbe! 780 milyon TL\u2019lik mal varl\u0131\u011f\u0131na el koyuldu"},"content":{"rendered":"<p>\u0130stanbul narkotik polisi liderli\u011fini \u2018 Cehennem Necati \u2019 ad\u0131yla tan\u0131nan Necati Arabac\u0131\u2019n\u0131n yapt\u0131\u011f\u0131 organize su\u00e7 \u00f6rg\u00fct\u00fcne y\u00f6nelik \u00f6nemli bilgilere ula\u015ft\u0131.<\/p>\n<p>Kriptolu haberle\u015fme program\u0131 verilerinin incelenmesinde, Almanya\u2019da ele ge\u00e7irilen 100 kilogram esrar, Brezilya\u2019da 890 kilogram kokain ve \u0130spanya\u2019da ele ge\u00e7irilen 84 kilo 400 gram esrar\u0131n \u00f6rg\u00fctle ba\u011flant\u0131l\u0131 oldu\u011fu belirlendi. Yap\u0131lan incelemelerde, \u00f6rg\u00fct\u00fcn silahl\u0131 bir yap\u0131ya sahip oldu\u011fu, uyu\u015fturucu ticaretinden kaynaklanan anla\u015fmazl\u0131klarda i\u015fkence ve kasten \u00f6ld\u00fcrme gibi su\u00e7lara kar\u0131\u015ft\u0131\u011f\u0131, ayr\u0131ca \u00f6rg\u00fcte menfaat sa\u011flamak amac\u0131yla d\u00fczenli para topland\u0131\u011f\u0131 ve bu gelirlerin su\u00e7 faaliyetlerinde kullan\u0131ld\u0131\u011f\u0131 belirlendi. D\u00fcn sabah \u0130stanbul merkez olarak \u00fczere \u0130zmir ve Tunceli\u2019nde belirlenen adreslere e\u015fzamanl\u0131 operasyon d\u00fczenlendi.<\/p>\n<p>ALMANYA\u2019DA DA \u00c7ETEYE BASKIN<\/p>\n<p>Operasyonda 5 ki\u015fi g\u00f6zalt\u0131na al\u0131nd\u0131, 22 ta\u015f\u0131nmaz, 7 motorlu ara\u00e7 ile 8 \u015firket ve ortakl\u0131k pay\u0131 olmak \u00fczere toplam 780 milyon TL de\u011ferinde mal varl\u0131\u011f\u0131na el koyuldu. Almanya\u2019n\u0131n Kuzey Ren-Vestfalya eyaletinde \u2018Hells Angels\u2019 motosiklet \u00e7etesine 1200 polisin kat\u0131ld\u0131\u011f\u0131 operasyon d\u00fczenlendi. \u0130zmir\u2019de tutuklu bulunan Necati Arabac\u0131 \u2019n\u0131n \u00e7etenin eleba\u015f\u0131 oldu\u011fu ileri s\u00fcr\u00fcl\u00fcyor.<\/p>\n<p>T\u00fcrkiye&#8230;<\/p>\n","protected":false},"excerpt":{"rendered":"<p>\u2018Cehennem Necati\u2019 ad\u0131yla tan\u0131nan Necati Arabac\u0131 liderli\u011findeki uluslararas\u0131 uyu\u015fturucu ticaretiyle ba\u011flant\u0131l\u0131 organize su\u00e7 \u00f6rg\u00fct\u00fc \u00fcyelerine operasyon&#8230;<\/p>\n","protected":false},"author":2,"featured_media":31592,"comment_status":"open","ping_status":"open","sticky":false,"template":"","format":"standard","meta":{"footnotes":""},"categories":[6,5],"tags":[],"class_list":["post-31593","post","type-post","status-publish","format-standard","has-post-thumbnail","hentry","category-gundem","category-son-dakika"],"_links":{"self":[{"href":"https:\/\/eskigazeteci.com\/index.php?rest_route=\/wp\/v2\/posts\/31593","targetHints":{"allow":["GET"]}}],"collection":[{"href":"https:\/\/eskigazeteci.com\/index.php?rest_route=\/wp\/v2\/posts"}],"about":[{"href":"https:\/\/eskigazeteci.com\/index.php?rest_route=\/wp\/v2\/types\/post"}],"author":[{"embeddable":true,"href":"https:\/\/eskigazeteci.com\/index.php?rest_route=\/wp\/v2\/users\/2"}],"replies":[{"embeddable":true,"href":"https:\/\/eskigazeteci.com\/index.php?rest_route=%2Fwp%2Fv2%2Fcomments&post=31593"}],"version-history":[{"count":0,"href":"https:\/\/eskigazeteci.com\/index.php?rest_route=\/wp\/v2\/posts\/31593\/revisions"}],"wp:featuredmedia":[{"embeddable":true,"href":"https:\/\/eskigazeteci.com\/index.php?rest_route=\/wp\/v2\/media\/31592"}],"wp:attachment":[{"href":"https:\/\/eskigazeteci.com\/index.php?rest_route=%2Fwp%2Fv2%2Fmedia&parent=31593"}],"wp:term":[{"taxonomy":"category","embeddable":true,"href":"https:\/\/eskigazeteci.com\/index.php?rest_route=%2Fwp%2Fv2%2Fcategories&post=31593"},{"taxonomy":"post_tag","embeddable":true,"href":"https:\/\/eskigazeteci.com\/index.php?rest_route=%2Fwp%2Fv2%2Ftags&post=31593"}],"curies":[{"name":"wp","href":"https:\/\/api.w.org\/{rel}","templated":true}]}}