{"id":31591,"date":"2026-05-02T04:36:36","date_gmt":"2026-05-02T04:36:36","guid":{"rendered":"https:\/\/eskigazeteci.com\/?p=31591"},"modified":"2026-05-02T04:36:36","modified_gmt":"2026-05-02T04:36:36","slug":"planli-katile-en-cuzgece-ceza","status":"publish","type":"post","link":"https:\/\/eskigazeteci.com\/?p=31591","title":{"rendered":"Planl\u0131 Katile En C\u00fczgece Ceza!"},"content":{"rendered":"<p>Ankara&#x27;da ge\u00e7en y\u0131l 27 Kas\u0131m&#x27;ta Fuat Y\u0131ld\u0131r\u0131m (51), sahibi oldu\u011fu matbaa d\u00fckk\u00e2n\u0131nda, \u00f6zel bir kurumda psikolog olarak \u00e7al\u0131\u015fan Nurselen G\u00fcla\u00e7t\u0131&#x27;y\u0131 (33) tabanca ile ba\u015f\u0131ndan vurarak \u00f6ld\u00fcrd\u00fc. Y\u0131ld\u0131r\u0131m, tutukland\u0131.<\/p>\n","protected":false},"excerpt":{"rendered":"<p>Psikolog Nurselen G\u00fcla\u00e7t\u0131 cinayetinin iddianamesi tamamland\u0131. Savc\u0131, cinayet \u00f6ncesi mesajlar ve kap\u0131n\u0131n kilitlenmesini delil sayarak olay\u0131n bir su\u00e7 oldu\u011funu belirtti.<\/p>\n","protected":false},"author":2,"featured_media":31590,"comment_status":"open","ping_status":"open","sticky":false,"template":"","format":"standard","meta":{"footnotes":""},"categories":[6,5],"tags":[],"class_list":["post-31591","post","type-post","status-publish","format-standard","has-post-thumbnail","hentry","category-gundem","category-son-dakika"],"_links":{"self":[{"href":"https:\/\/eskigazeteci.com\/index.php?rest_route=\/wp\/v2\/posts\/31591","targetHints":{"allow":["GET"]}}],"collection":[{"href":"https:\/\/eskigazeteci.com\/index.php?rest_route=\/wp\/v2\/posts"}],"about":[{"href":"https:\/\/eskigazeteci.com\/index.php?rest_route=\/wp\/v2\/types\/post"}],"author":[{"embeddable":true,"href":"https:\/\/eskigazeteci.com\/index.php?rest_route=\/wp\/v2\/users\/2"}],"replies":[{"embeddable":true,"href":"https:\/\/eskigazeteci.com\/index.php?rest_route=%2Fwp%2Fv2%2Fcomments&post=31591"}],"version-history":[{"count":0,"href":"https:\/\/eskigazeteci.com\/index.php?rest_route=\/wp\/v2\/posts\/31591\/revisions"}],"wp:featuredmedia":[{"embeddable":true,"href":"https:\/\/eskigazeteci.com\/index.php?rest_route=\/wp\/v2\/media\/31590"}],"wp:attachment":[{"href":"https:\/\/eskigazeteci.com\/index.php?rest_route=%2Fwp%2Fv2%2Fmedia&parent=31591"}],"wp:term":[{"taxonomy":"category","embeddable":true,"href":"https:\/\/eskigazeteci.com\/index.php?rest_route=%2Fwp%2Fv2%2Fcategories&post=31591"},{"taxonomy":"post_tag","embeddable":true,"href":"https:\/\/eskigazeteci.com\/index.php?rest_route=%2Fwp%2Fv2%2Ftags&post=31591"}],"curies":[{"name":"wp","href":"https:\/\/api.w.org\/{rel}","templated":true}]}}