{"id":31587,"date":"2026-05-02T04:33:35","date_gmt":"2026-05-02T04:33:35","guid":{"rendered":"https:\/\/eskigazeteci.com\/?p=31587"},"modified":"2026-05-02T04:33:35","modified_gmt":"2026-05-02T04:33:35","slug":"cig-sute-yuzde-9-3-zam","status":"publish","type":"post","link":"https:\/\/eskigazeteci.com\/?p=31587","title":{"rendered":"\u00c7i\u011f s\u00fcte y\u00fczde 9.3 zam"},"content":{"rendered":"<p>Ancak bir litre s\u00fct\u00fcn \u00fcretim maliyeti, T\u00fcm S\u00fct, Et ve Dam\u0131zl\u0131k S\u0131\u011f\u0131r Yeti\u015ftiricileri Derne\u011fi\u2019ne (T\u00dcSEDAD) g\u00f6re 28.35 TL. Dolay\u0131s\u0131yla s\u00fct \u00fcreticisinin bekledi\u011fi art\u0131\u015f yap\u0131lsa da mevcut maliyetlerin alt\u0131nda kald\u0131. USK\u2019n\u0131n \u00e7i\u011f s\u00fctte yapt\u0131\u011f\u0131 art\u0131\u015fa ili\u015fkin a\u00e7\u0131klama yapan Adana \u00c7ift\u00e7iler Birli\u011fi Ba\u015fkan\u0131 Mutlu Do\u011fru, \u201c1 ayl\u0131k gecikme ile nihayet Ulusal S\u00fct Konseyi yeni \u00e7i\u011f s\u00fct al\u0131m tavsiye fiyat\u0131n\u0131 a\u00e7\u0131klad\u0131. Ancak yine sanayicinin istedi\u011fi gibi bir fiyat a\u00e7\u0131kland\u0131\u201d dedi. Sosyal medya hesab\u0131ndan a\u00e7\u0131klama yapan Do\u011fru, \u015f\u00f6yle devam etti: \u201cUSK s\u00fct arz\u0131ndaki d\u00fc\u015f\u00fc\u015fden dolay\u0131 fiyat\u0131n piyasa \u015fartlar\u0131na b\u0131rak\u0131lmadan artmas\u0131n\u0131 yine \u00f6nledi. USK y\u00f6netimindeki \u00fcretici temsilcili\u011finin yetersizli\u011fi yine teyit edildi. USK y\u00f6netimindeki akademisyen ve b\u00fcrokratlar\u0131n \u00e7o\u011funun sanayici taraf\u0131nda yer ald\u0131\u011f\u0131 g\u00f6r\u00fcld\u00fc. \u00dcreticinin temsilcisi T\u00dcSEDAD\u2019\u0131n 28.35 TL s\u0131cak \u00e7i\u011f s\u00fct maliyeti a\u00e7\u0131klad\u0131\u011f\u0131 g\u00fcn USK\u2019n\u0131n 24.30 TL al\u0131m fiyat\u0131 a\u00e7\u0131klamas\u0131 tezat oldu ve bir yerlerde hata var dedirtti.\u201d<\/p>\n<p>\u00d6te yandan, \u00e7i\u011f s\u00fct fiyatlar\u0131nda yap\u0131lan art\u0131\u015flar sanayicinin maliyetini art\u0131rd\u0131\u011f\u0131 i\u00e7in market raflar\u0131nda sat\u0131lan perakende s\u00fctlerin fiyatlar\u0131na da yans\u0131yor. Halihaz\u0131rda 70 liraya ko\u015fan bir litre s\u00fct fiyatlar\u0131n\u0131n ilerleyen g\u00fcnlerde&#8230;<\/p>\n","protected":false},"excerpt":{"rendered":"<p>S\u00dcTTE \u00fcretici fiyatlar\u0131 art\u0131r\u0131ld\u0131. Ulusal S\u00fct Konseyi (USK), y\u00fczde 3.6 ya\u011f ve y\u00fczde 3.2 protein i\u00e7eri\u011fine sahip \u00e7i\u011f inek s\u00fct\u00fc i\u00e7in tavsiye sat\u0131\u015f fiyat\u0131n\u0131&#8230;<\/p>\n","protected":false},"author":2,"featured_media":31586,"comment_status":"open","ping_status":"open","sticky":false,"template":"","format":"standard","meta":{"footnotes":""},"categories":[6,5],"tags":[],"class_list":["post-31587","post","type-post","status-publish","format-standard","has-post-thumbnail","hentry","category-gundem","category-son-dakika"],"_links":{"self":[{"href":"https:\/\/eskigazeteci.com\/index.php?rest_route=\/wp\/v2\/posts\/31587","targetHints":{"allow":["GET"]}}],"collection":[{"href":"https:\/\/eskigazeteci.com\/index.php?rest_route=\/wp\/v2\/posts"}],"about":[{"href":"https:\/\/eskigazeteci.com\/index.php?rest_route=\/wp\/v2\/types\/post"}],"author":[{"embeddable":true,"href":"https:\/\/eskigazeteci.com\/index.php?rest_route=\/wp\/v2\/users\/2"}],"replies":[{"embeddable":true,"href":"https:\/\/eskigazeteci.com\/index.php?rest_route=%2Fwp%2Fv2%2Fcomments&post=31587"}],"version-history":[{"count":0,"href":"https:\/\/eskigazeteci.com\/index.php?rest_route=\/wp\/v2\/posts\/31587\/revisions"}],"wp:featuredmedia":[{"embeddable":true,"href":"https:\/\/eskigazeteci.com\/index.php?rest_route=\/wp\/v2\/media\/31586"}],"wp:attachment":[{"href":"https:\/\/eskigazeteci.com\/index.php?rest_route=%2Fwp%2Fv2%2Fmedia&parent=31587"}],"wp:term":[{"taxonomy":"category","embeddable":true,"href":"https:\/\/eskigazeteci.com\/index.php?rest_route=%2Fwp%2Fv2%2Fcategories&post=31587"},{"taxonomy":"post_tag","embeddable":true,"href":"https:\/\/eskigazeteci.com\/index.php?rest_route=%2Fwp%2Fv2%2Ftags&post=31587"}],"curies":[{"name":"wp","href":"https:\/\/api.w.org\/{rel}","templated":true}]}}