{"id":31585,"date":"2026-05-02T04:32:02","date_gmt":"2026-05-02T04:32:02","guid":{"rendered":"https:\/\/eskigazeteci.com\/?p=31585"},"modified":"2026-05-02T04:32:02","modified_gmt":"2026-05-02T04:32:02","slug":"fenerbahce-sampiyonlar-ligi-yolunda-hata-istemiyor","status":"publish","type":"post","link":"https:\/\/eskigazeteci.com\/?p=31585","title":{"rendered":"Fenerbah\u00e7e, \u015eampiyonlar Ligi yolunda hata istemiyor!"},"content":{"rendered":"<p>\u00c7aykur Rizespor beraberli\u011finin ard\u0131ndan Galatasaray yenilgisiyle lig yar\u0131\u015f\u0131nda a\u011f\u0131r bir yara alan Fenerbah\u00e7e , UEFA \u015eampiyonlar Ligi i\u00e7in kalan \u00fc\u00e7 haftada hata yapmak istemezken bug\u00fcn Ba\u015fak\u015fehir \u00f6n\u00fcnde zorlu bir ma\u00e7a \u00e7\u0131k\u0131yor. Chobani Stad\u0131\u2019nda saat 20.00\u2019de ba\u015flayacak kar\u015f\u0131la\u015fmay\u0131 O\u011fuzhan Aksu y\u00f6netecek.<\/p>\n<p>4 OYUNCU CEZALI 3 iSiM iSE SAKAT<\/p>\n<p>Derbi sonras\u0131 Domenico Tedesco\u2019yla yollar\u0131n\u0131 ay\u0131ran sar\u0131 lacivertlilerde tak\u0131m\u0131n ba\u015f\u0131nda yard\u0131mc\u0131 antren\u00f6r Zeki Murat G\u00f6le olacak. Fenerbah\u00e7e\u2019de uzun s\u00fcreli sakatl\u0131\u011f\u0131n\u0131n ard\u0131ndan tak\u0131mla \u00e7al\u0131\u015fmalara ba\u015flayan Edson Alvarez ve a\u011fr\u0131lar\u0131 bulunan Dorgeles Nene ile Milan Skriniar bug\u00fcnk\u00fc forma giyemeyecek. Galatasaray deplasman\u0131nda k\u0131rm\u0131z\u0131 kart g\u00f6ren, Disiplin Kurulu\u2019ndan da \u00fc\u00e7 ma\u00e7 ceza alan Ederson\u2019un yan\u0131 s\u0131ra sar\u0131 kart cezalar\u0131 bulunan Matteo Guendouzi, Mert M\u00fcld\u00fcr ve Archie Brown da tak\u0131m\u0131 yaln\u0131z b\u0131rakacak. Derbide kadroda bulunan ancak s\u00fcre alamayan Marco Asensio\u2019nun durumu ise ma\u00e7 saati belli olacak.<\/p>\n<p>Muhtemel 11&#x27;ler;<\/p>\n<p>Fenerbah\u00e7e: Mert, Semedo, \u00c7a\u011flar, Oosterwolde, Levent, \u0130smail, Kante, Musaba, Talisca, Kerem, Cherif.<\/p>\n<p>Ba\u015fak\u015fehir : Muhammed, \u00d6mer Ali, Duarte, Opoku, Kaz\u0131mcan, Umut, Kemen, Yusuf, Shomurodov, Harit, Bertu\u011f.<\/p>\n<p>T\u00fcrkiye&#x27;den ve&#8230;<\/p>\n","protected":false},"excerpt":{"rendered":"<p>Fenerbah\u00e7e, Ba\u015fak\u015fehir&#8217;le moral ar\u0131yor.<\/p>\n","protected":false},"author":2,"featured_media":31584,"comment_status":"open","ping_status":"open","sticky":false,"template":"","format":"standard","meta":{"footnotes":""},"categories":[5,7],"tags":[],"class_list":["post-31585","post","type-post","status-publish","format-standard","has-post-thumbnail","hentry","category-son-dakika","category-spor"],"_links":{"self":[{"href":"https:\/\/eskigazeteci.com\/index.php?rest_route=\/wp\/v2\/posts\/31585","targetHints":{"allow":["GET"]}}],"collection":[{"href":"https:\/\/eskigazeteci.com\/index.php?rest_route=\/wp\/v2\/posts"}],"about":[{"href":"https:\/\/eskigazeteci.com\/index.php?rest_route=\/wp\/v2\/types\/post"}],"author":[{"embeddable":true,"href":"https:\/\/eskigazeteci.com\/index.php?rest_route=\/wp\/v2\/users\/2"}],"replies":[{"embeddable":true,"href":"https:\/\/eskigazeteci.com\/index.php?rest_route=%2Fwp%2Fv2%2Fcomments&post=31585"}],"version-history":[{"count":0,"href":"https:\/\/eskigazeteci.com\/index.php?rest_route=\/wp\/v2\/posts\/31585\/revisions"}],"wp:featuredmedia":[{"embeddable":true,"href":"https:\/\/eskigazeteci.com\/index.php?rest_route=\/wp\/v2\/media\/31584"}],"wp:attachment":[{"href":"https:\/\/eskigazeteci.com\/index.php?rest_route=%2Fwp%2Fv2%2Fmedia&parent=31585"}],"wp:term":[{"taxonomy":"category","embeddable":true,"href":"https:\/\/eskigazeteci.com\/index.php?rest_route=%2Fwp%2Fv2%2Fcategories&post=31585"},{"taxonomy":"post_tag","embeddable":true,"href":"https:\/\/eskigazeteci.com\/index.php?rest_route=%2Fwp%2Fv2%2Ftags&post=31585"}],"curies":[{"name":"wp","href":"https:\/\/api.w.org\/{rel}","templated":true}]}}