{"id":31575,"date":"2026-05-02T04:25:01","date_gmt":"2026-05-02T04:25:01","guid":{"rendered":"https:\/\/eskigazeteci.com\/?p=31575"},"modified":"2026-05-02T04:25:01","modified_gmt":"2026-05-02T04:25:01","slug":"trabzonspor-3-maclik-hasreti-goztepe-ile-bitirmek-istiyor","status":"publish","type":"post","link":"https:\/\/eskigazeteci.com\/?p=31575","title":{"rendered":"Trabzonspor 3 ma\u00e7l\u0131k hasreti G\u00f6ztepe ile bitirmek istiyor!"},"content":{"rendered":"<p>Ligdeki konumunu sa\u011flamla\u015ft\u0131rmak ve \u015eampiyonlar Ligi umutlar\u0131n\u0131 g\u00fc\u00e7lendirmek isteyen Trabzonspor bug\u00fcn taraftar\u0131 \u00f6n\u00fcnde G\u00f6ztepe\u2019yi a\u011f\u0131rlayacak. Papara Park\u2019ta saat 20.00\u2019de ba\u015flayacak kar\u015f\u0131la\u015fmada Ozan Erg\u00fcn d\u00fcd\u00fck \u00e7alacak.<\/p>\n<p>Alanyaspor ve Ba\u015fak\u015fehir ile 1-1 berabere kalan, ard\u0131ndan Konyaspor\u2019a 2-1 ma\u011flup olan Trabzonspor galibiyet hasreti ya\u015fad\u0131\u011f\u0131 son 3 haftada 7 puan kaybederken bu seriyi \u0130zmir ekibi \u00f6n\u00fcnde sonland\u0131rmak istiyor. Lider Galatasaray \u2019\u0131n 9 puan gerisinde 3. s\u0131rada bulunan F\u0131rt\u0131na, 2 puan geriden takip etti\u011fi Fenerbah\u00e7e \u2019yi ge\u00e7me umudunu korumak istiyor.<\/p>\n<p>SAViC, OKAY VE BATAGOV YOK<\/p>\n<p>Karadeniz ekibinde tedavileri s\u00fcren Savic, Batagov ve Okay Yoku\u015flu\u2019nun bug\u00fcnk\u00fc kar\u015f\u0131la\u015fmada forma giymeleri beklenmiyor. G\u00f6ztepe\u2019de ise sezonu kapatan \u0130smail K\u00f6yba\u015f\u0131 d\u0131\u015f\u0131nda eksik oyuncu bulunmuyor.<\/p>\n<p>Muhtemel 11&#x27;ler;<\/p>\n<p>Trabzonspor : Onana, Pina, Nwaiwu, Lovik, Mustafa, Folcarelli, Oulai, Mu\u00e7i, Zubkov, Augusto, Onuachu.<\/p>\n<p>G\u00f6ztepe : Lis, Allan, Heliton, Bokele, Arda, Dennis, miroshi, Cherni, Antunes, Juan, Janderson.<\/p>\n<p>T\u00fcrkiye&#x27;den ve D\u00fcnya\u2019dan son dakika haberleri, k\u00f6\u015fe yaz\u0131lar\u0131, magazinden siyasete, spordan seyahate b\u00fct\u00fcn konular\u0131n tek adresi Hurriyet.com.tr haber i\u00e7erikleri izin al\u0131nmadan,&#8230;<\/p>\n","protected":false},"excerpt":{"rendered":"<p>Trabzonspor, S\u00fcper Lig&#8217;in 32. haftas\u0131nda bug\u00fcn \u0130zmir ekibini konuk edecek.<\/p>\n","protected":false},"author":2,"featured_media":31574,"comment_status":"open","ping_status":"open","sticky":false,"template":"","format":"standard","meta":{"footnotes":""},"categories":[5,7],"tags":[],"class_list":["post-31575","post","type-post","status-publish","format-standard","has-post-thumbnail","hentry","category-son-dakika","category-spor"],"_links":{"self":[{"href":"https:\/\/eskigazeteci.com\/index.php?rest_route=\/wp\/v2\/posts\/31575","targetHints":{"allow":["GET"]}}],"collection":[{"href":"https:\/\/eskigazeteci.com\/index.php?rest_route=\/wp\/v2\/posts"}],"about":[{"href":"https:\/\/eskigazeteci.com\/index.php?rest_route=\/wp\/v2\/types\/post"}],"author":[{"embeddable":true,"href":"https:\/\/eskigazeteci.com\/index.php?rest_route=\/wp\/v2\/users\/2"}],"replies":[{"embeddable":true,"href":"https:\/\/eskigazeteci.com\/index.php?rest_route=%2Fwp%2Fv2%2Fcomments&post=31575"}],"version-history":[{"count":0,"href":"https:\/\/eskigazeteci.com\/index.php?rest_route=\/wp\/v2\/posts\/31575\/revisions"}],"wp:featuredmedia":[{"embeddable":true,"href":"https:\/\/eskigazeteci.com\/index.php?rest_route=\/wp\/v2\/media\/31574"}],"wp:attachment":[{"href":"https:\/\/eskigazeteci.com\/index.php?rest_route=%2Fwp%2Fv2%2Fmedia&parent=31575"}],"wp:term":[{"taxonomy":"category","embeddable":true,"href":"https:\/\/eskigazeteci.com\/index.php?rest_route=%2Fwp%2Fv2%2Fcategories&post=31575"},{"taxonomy":"post_tag","embeddable":true,"href":"https:\/\/eskigazeteci.com\/index.php?rest_route=%2Fwp%2Fv2%2Ftags&post=31575"}],"curies":[{"name":"wp","href":"https:\/\/api.w.org\/{rel}","templated":true}]}}