{"id":31573,"date":"2026-05-02T04:23:29","date_gmt":"2026-05-02T04:23:29","guid":{"rendered":"https:\/\/eskigazeteci.com\/?p=31573"},"modified":"2026-05-02T04:23:29","modified_gmt":"2026-05-02T04:23:29","slug":"hayattan-kocaman-beklentilerim-yok","status":"publish","type":"post","link":"https:\/\/eskigazeteci.com\/?p=31573","title":{"rendered":"\u2018Hayattan kocaman beklentilerim yok\u2019"},"content":{"rendered":"<p>Onu, rol ald\u0131\u011f\u0131 karakterin kost\u00fcmlerini \u00e7\u0131kar\u0131nca tan\u0131mak biraz zor. D\u00f6vmeleriyle, sa\u00e7lar\u0131yla ve tarz\u0131yla \u00e7ok \u2018cool\u2019 bir havas\u0131 var. Sakinli\u011fi seviyor, sesini y\u00fckseltmekten ho\u015flanm\u0131yor. Ho\u015fsohbet. Y\u00fcz\u00fcnde estetik m\u00fcdahaleler yok. \u201cGen\u00e7ken oyuncu arkada\u015flar\u0131ma s\u00f6yl\u00fcyordum \u2018Bir g\u00fcn \u00f6yle bir vakit gelecek ki estetiksiz oyuncu arayacaklar ve bir tek ben kalm\u0131\u015f olaca\u011f\u0131m. Deli gibi paralar kazanaca\u011f\u0131m, siz h\u00e2l\u00e2 u\u011fra\u015facaks\u0131n\u0131z\u2019 diye\u201d diyor. \u0130lkay Kayku \u2019nun d\u00fcnyas\u0131n\u0131 ke\u015ffediyoruz.<\/p>\n<p>\u25ca Ge\u00e7en yaz alt\u0131nda kot \u015fort, g\u00f6be\u011fi a\u00e7\u0131k bir foto\u011fraf payla\u015ft\u0131n. \u0130nsanlar ekranda canland\u0131rd\u0131\u011f\u0131n Fidan karakterine \u00f6yle inanm\u0131\u015flar ki&#8230; Biraz da ger\u00e7ek \u0130lkay\u2019\u0131 m\u0131 g\u00f6stermek istedin?<\/p>\n<p>Asl\u0131nda di\u011fer i\u015flerimde de bu oluyordu. D\u0131\u015far\u0131da, sokakta beni pek tan\u0131m\u0131yorlar. Hatta bazen beni set \u00f6n\u00fcnde karakter d\u0131\u015f\u0131 k\u0131yafetlerle g\u00f6r\u00fcnce tan\u0131mad\u0131klar\u0131 i\u00e7in \u201cOyunculardan rica eder misiniz, bir foto\u011fraf \u00e7ektirebilir miyiz\u201d diyenler oluyordu. \u201cE, beni niye istemiyorsunuz\u201d deyip canland\u0131rd\u0131\u011f\u0131m karakteri s\u00f6yledi\u011fim zaman \u015fa\u015f\u0131r\u0131yorlard\u0131. Oynad\u0131\u011f\u0131m karakterlere benzemedi\u011fimin fark\u0131nday\u0131m ama \u0130lkay olarak \u00e7ok g\u00f6r\u00fcn\u00fcr olmak i\u00e7in \u00f6zel bir \u00e7abam da yok.<\/p>\n<p>\u25ca D\u00f6vmeler falan da var&#8230;<\/p>\n<p>Evet. Bir s\u00fcr\u00fc var. Kedi, g\u00fcl d\u00f6vmeleri&#8230; Bence&#8230;<\/p>\n","protected":false},"excerpt":{"rendered":"<p>Kanal D\u2019de yay\u0131mlanan \u2018Uzak \u015eehir\u2019 dizisinde canland\u0131rd\u0131\u011f\u0131 Fidan karakteriyle \u00e7ok sevildi. Daha \u00f6nceki rollerinde de o kadar ger\u00e7ek\u00e7iydi ki, haf\u0131zalara hep&#8230;<\/p>\n","protected":false},"author":2,"featured_media":31572,"comment_status":"open","ping_status":"open","sticky":false,"template":"","format":"standard","meta":{"footnotes":""},"categories":[6,5],"tags":[],"class_list":["post-31573","post","type-post","status-publish","format-standard","has-post-thumbnail","hentry","category-gundem","category-son-dakika"],"_links":{"self":[{"href":"https:\/\/eskigazeteci.com\/index.php?rest_route=\/wp\/v2\/posts\/31573","targetHints":{"allow":["GET"]}}],"collection":[{"href":"https:\/\/eskigazeteci.com\/index.php?rest_route=\/wp\/v2\/posts"}],"about":[{"href":"https:\/\/eskigazeteci.com\/index.php?rest_route=\/wp\/v2\/types\/post"}],"author":[{"embeddable":true,"href":"https:\/\/eskigazeteci.com\/index.php?rest_route=\/wp\/v2\/users\/2"}],"replies":[{"embeddable":true,"href":"https:\/\/eskigazeteci.com\/index.php?rest_route=%2Fwp%2Fv2%2Fcomments&post=31573"}],"version-history":[{"count":0,"href":"https:\/\/eskigazeteci.com\/index.php?rest_route=\/wp\/v2\/posts\/31573\/revisions"}],"wp:featuredmedia":[{"embeddable":true,"href":"https:\/\/eskigazeteci.com\/index.php?rest_route=\/wp\/v2\/media\/31572"}],"wp:attachment":[{"href":"https:\/\/eskigazeteci.com\/index.php?rest_route=%2Fwp%2Fv2%2Fmedia&parent=31573"}],"wp:term":[{"taxonomy":"category","embeddable":true,"href":"https:\/\/eskigazeteci.com\/index.php?rest_route=%2Fwp%2Fv2%2Fcategories&post=31573"},{"taxonomy":"post_tag","embeddable":true,"href":"https:\/\/eskigazeteci.com\/index.php?rest_route=%2Fwp%2Fv2%2Ftags&post=31573"}],"curies":[{"name":"wp","href":"https:\/\/api.w.org\/{rel}","templated":true}]}}