{"id":31569,"date":"2026-05-02T04:20:26","date_gmt":"2026-05-02T04:20:26","guid":{"rendered":"https:\/\/eskigazeteci.com\/?p=31569"},"modified":"2026-05-02T04:20:26","modified_gmt":"2026-05-02T04:20:26","slug":"artik-cogu-kisi-canli-muzik-dinlemekten-cok-sosyallesmeye-flort-etmeye-geliyor","status":"publish","type":"post","link":"https:\/\/eskigazeteci.com\/?p=31569","title":{"rendered":"\u2018Art\u0131k \u00e7o\u011fu ki\u015fi canl\u0131 m\u00fczik dinlemekten \u00e7ok, sosyalle\u015fmeye, fl\u00f6rt etmeye geliyor\u2019"},"content":{"rendered":"<p>Seda Mete \u2019yi dinleyicisi olarak uzun zamand\u0131r tan\u0131yorum. Canl\u0131 m\u00fczik mek\u00e2n\u0131 M\u00fc\u015ftemilat Ni\u015fanta\u015f\u0131\u2019ndayken sahnesinin m\u00fcdavimlerindendim. Mete y\u0131llar i\u00e7inde m\u00fczik kariyerine her g\u00fcn yenilikler ekledi; pe\u015f pe\u015fe \u015fark\u0131lar yay\u0131mlad\u0131. Bu s\u00fcre\u00e7te hayat\u0131 da de\u011fi\u015fti. Evlendi, \u015fehirden uza\u011fa ta\u015f\u0131nd\u0131; daha sakin bir ya\u015fam kurdu. Ama sahneye \u00e7\u0131kmaya tam gaz devam ediyor. Mikrofonu eline ald\u0131\u011f\u0131nda bamba\u015fka birine d\u00f6n\u00fc\u015f\u00fcyor. \u201cY\u0131llard\u0131r farkl\u0131 tarzlarda sahne ald\u0131\u011f\u0131m i\u00e7in o tarz\u0131n kad\u0131n\u0131na d\u00f6n\u00fc\u015fmeyi seviyorum\u201d diyor&#8230;<\/p>\n<p>\u25ca En son r\u00f6portaj\u0131m\u0131z i\u00e7in 2024\u2019te bulu\u015fmu\u015fuz. O g\u00fcnden bug\u00fcne evlendin, \u015fehirden uzak bir yere ta\u015f\u0131nd\u0131n&#8230;<\/p>\n<p>\u00c7ok keyifli gidiyor her \u015fey. Zaten uzun zamand\u0131r istedi\u011fim bir ya\u015fam tarz\u0131yd\u0131. \u0130stanbul\u2019un trafi\u011fi, kalabal\u0131\u011f\u0131 bunaltm\u0131\u015ft\u0131; bu y\u00fczden \u015fehirden uzakla\u015fmak iyi geldi. E\u015fim m\u00fczisyen, daha evcimen bir hayat\u0131m\u0131z var, ben de zamanla onun i\u015fine daha \u00e7ok dahil oldum. \u015eile san\u0131ld\u0131\u011f\u0131 kadar uzak de\u011fil, ula\u015f\u0131m rahat. Bir de b\u00fcy\u00fcyen tatl\u0131 bir k\u00f6pe\u011fimiz var. Daha sakin, \u00fcretim odakl\u0131 bir hayat kurduk ve mutluyum.<\/p>\n<p>\u2018Hi\u00e7 s\u0131k\u0131lm\u0131yoruz\u2019<\/p>\n<p>\u25ca Peki evlilik, o nas\u0131l oldu?<\/p>\n<p>Ayn\u0131 sahnede \u00e7al\u0131\u015f\u0131yorduk, uzun s\u00fcredir arkada\u015ft\u0131k. Her \u015fey \u00e7ok do\u011fal geli\u015fti. Ba\u015fta evlilik plan\u0131m\u0131z yoktu ama zamanla&#8230;<\/p>\n","protected":false},"excerpt":{"rendered":"<p>Sahnedeki enerjisiyle dinleyicisini kolayca yakalayan ve e\u011flendiren Seda Mete, \u00fcretmeye h\u0131z kesmeden devam ediyor. Yeni \u015fark\u0131lar\u0131n yan\u0131 s\u0131ra sevilen&#8230;<\/p>\n","protected":false},"author":2,"featured_media":31568,"comment_status":"open","ping_status":"open","sticky":false,"template":"","format":"standard","meta":{"footnotes":""},"categories":[6,5],"tags":[],"class_list":["post-31569","post","type-post","status-publish","format-standard","has-post-thumbnail","hentry","category-gundem","category-son-dakika"],"_links":{"self":[{"href":"https:\/\/eskigazeteci.com\/index.php?rest_route=\/wp\/v2\/posts\/31569","targetHints":{"allow":["GET"]}}],"collection":[{"href":"https:\/\/eskigazeteci.com\/index.php?rest_route=\/wp\/v2\/posts"}],"about":[{"href":"https:\/\/eskigazeteci.com\/index.php?rest_route=\/wp\/v2\/types\/post"}],"author":[{"embeddable":true,"href":"https:\/\/eskigazeteci.com\/index.php?rest_route=\/wp\/v2\/users\/2"}],"replies":[{"embeddable":true,"href":"https:\/\/eskigazeteci.com\/index.php?rest_route=%2Fwp%2Fv2%2Fcomments&post=31569"}],"version-history":[{"count":0,"href":"https:\/\/eskigazeteci.com\/index.php?rest_route=\/wp\/v2\/posts\/31569\/revisions"}],"wp:featuredmedia":[{"embeddable":true,"href":"https:\/\/eskigazeteci.com\/index.php?rest_route=\/wp\/v2\/media\/31568"}],"wp:attachment":[{"href":"https:\/\/eskigazeteci.com\/index.php?rest_route=%2Fwp%2Fv2%2Fmedia&parent=31569"}],"wp:term":[{"taxonomy":"category","embeddable":true,"href":"https:\/\/eskigazeteci.com\/index.php?rest_route=%2Fwp%2Fv2%2Fcategories&post=31569"},{"taxonomy":"post_tag","embeddable":true,"href":"https:\/\/eskigazeteci.com\/index.php?rest_route=%2Fwp%2Fv2%2Ftags&post=31569"}],"curies":[{"name":"wp","href":"https:\/\/api.w.org\/{rel}","templated":true}]}}