{"id":31563,"date":"2026-05-02T04:16:05","date_gmt":"2026-05-02T04:16:05","guid":{"rendered":"https:\/\/eskigazeteci.com\/?p=31563"},"modified":"2026-05-02T04:16:05","modified_gmt":"2026-05-02T04:16:05","slug":"nokta-atisi-secimler-yapmanin-tam-zamani","status":"publish","type":"post","link":"https:\/\/eskigazeteci.com\/?p=31563","title":{"rendered":"\u2018Nokta at\u0131\u015f\u0131\u2019 se\u00e7imler yapman\u0131n tam zaman\u0131"},"content":{"rendered":"<p>Bu sezon puantiye yaln\u0131zca romantik elbiselerin ya da retro bluzlar\u0131n deseni de\u011fil. Kaprilerde, \u2018bomber\u2019 ceketlerde, eteklerde, pantolonlarda, fularlarda, ayakkab\u0131larda hatta daha sportif par\u00e7alarda bile kar\u015f\u0131m\u0131za \u00e7\u0131k\u0131yor. Yani art\u0131k daha cool, \u015fehirli ve beklenmedik g\u00f6r\u00fcn\u00fcmleri de ele ge\u00e7irmi\u015f durumda. Ama tabii nostalji taraf\u0131n\u0131 da reddedemeyiz. Yani bir yandan \u00e7ok tan\u0131d\u0131k. Eski Hollywood\u2019u, Audrey Hepburn\u2019\u00fc, 50\u2019lerin elbiselerini, yaz tatillerini, vintage foto\u011fraflar\u0131 hat\u0131rlat\u0131yor. Di\u011fer yandan do\u011fru par\u00e7alarla birle\u015fti\u011finde fazlas\u0131yla modern durabiliyor. \u00d6zellikle siyah-beyaz klasik versiyonu h\u00e2l\u00e2 en g\u00fc\u00e7l\u00fc hali. Ama bu sezon kahve-krem, lacivert-beyaz, k\u0131rm\u0131z\u0131-beyaz gibi farkl\u0131 renk kombinasyonlar\u0131 da \u00e7ok iyi g\u00f6r\u00fcn\u00fcyor.<\/p>\n<p>Detaylara dahil edin<\/p>\n<p>Bence puantiyeyi g\u00fcncel yapan \u015fey, onu fazla \u2018han\u0131m han\u0131mc\u0131k\u2019 kullanmamak. Mesela puantiyeli bir ete\u011fi deri ceketle giymek, puantiyeli bir elbiseyi d\u00fcz sandaletlerle sadele\u015ftirmek, puantiyeli kapriyi d\u00fcz bir ti\u015f\u00f6rt ve k\u00fc\u00e7\u00fck topuklularla tamamlamak iyi fikir. Desenin kendisi zaten yeterince karakterli oldu\u011fu i\u00e7in fazla romantik aksesuarlarla birlikte kullan\u0131ld\u0131\u011f\u0131nda biraz kost\u00fcm hissi verebiliyor.<\/p>\n<p>\u00dcnl\u00fc isimler de puantiyeyi \u00e7ok\u00e7a&#8230;<\/p>\n","protected":false},"excerpt":{"rendered":"<p>Puantiye birka\u00e7 sezondur usul usul y\u00fckseliyordu, ge\u00e7en y\u0131l s\u0131k s\u0131k kar\u015f\u0131m\u0131za \u00e7\u0131kt\u0131 ama as\u0131l \u015fimdi zirveye ula\u015ft\u0131. Bu \u00e7ok tan\u0131d\u0131k, nostaljik deseni bu sezon&#8230;<\/p>\n","protected":false},"author":2,"featured_media":31562,"comment_status":"open","ping_status":"open","sticky":false,"template":"","format":"standard","meta":{"footnotes":""},"categories":[6,5],"tags":[],"class_list":["post-31563","post","type-post","status-publish","format-standard","has-post-thumbnail","hentry","category-gundem","category-son-dakika"],"_links":{"self":[{"href":"https:\/\/eskigazeteci.com\/index.php?rest_route=\/wp\/v2\/posts\/31563","targetHints":{"allow":["GET"]}}],"collection":[{"href":"https:\/\/eskigazeteci.com\/index.php?rest_route=\/wp\/v2\/posts"}],"about":[{"href":"https:\/\/eskigazeteci.com\/index.php?rest_route=\/wp\/v2\/types\/post"}],"author":[{"embeddable":true,"href":"https:\/\/eskigazeteci.com\/index.php?rest_route=\/wp\/v2\/users\/2"}],"replies":[{"embeddable":true,"href":"https:\/\/eskigazeteci.com\/index.php?rest_route=%2Fwp%2Fv2%2Fcomments&post=31563"}],"version-history":[{"count":0,"href":"https:\/\/eskigazeteci.com\/index.php?rest_route=\/wp\/v2\/posts\/31563\/revisions"}],"wp:featuredmedia":[{"embeddable":true,"href":"https:\/\/eskigazeteci.com\/index.php?rest_route=\/wp\/v2\/media\/31562"}],"wp:attachment":[{"href":"https:\/\/eskigazeteci.com\/index.php?rest_route=%2Fwp%2Fv2%2Fmedia&parent=31563"}],"wp:term":[{"taxonomy":"category","embeddable":true,"href":"https:\/\/eskigazeteci.com\/index.php?rest_route=%2Fwp%2Fv2%2Fcategories&post=31563"},{"taxonomy":"post_tag","embeddable":true,"href":"https:\/\/eskigazeteci.com\/index.php?rest_route=%2Fwp%2Fv2%2Ftags&post=31563"}],"curies":[{"name":"wp","href":"https:\/\/api.w.org\/{rel}","templated":true}]}}